{"id":14648,"date":"2022-10-26T11:21:51","date_gmt":"2022-10-26T14:21:51","guid":{"rendered":"https:\/\/corrientesdetarde.com\/?p=14648"},"modified":"2022-10-26T11:29:13","modified_gmt":"2022-10-26T14:29:13","slug":"la-municipalidad-avanza-con-obras-de-mejoras-integrales-en-todos-los-cdi","status":"publish","type":"post","link":"https:\/\/corrientesdetarde.com\/index.php\/informacion-general\/la-municipalidad-avanza-con-obras-de-mejoras-integrales-en-todos-los-cdi\/","title":{"rendered":"La Municipalidad avanza con obras de mejoras integrales en todos los CDI"},"content":{"rendered":"\n<p>Los trabajos de refacci\u00f3n general iniciaron en los Centros de Desarrollo Infantil (CDI) de los barrios Itat\u00ed, San Marcos y Quilmes, para continuar en bloque de tres hasta completar los 15 Mita\u00ed Roga que funcionan en la ciudad.<\/p>\n\n\n\n<figure class=\"wp-block-image size-large\"><img loading=\"lazy\" decoding=\"async\" width=\"1024\" height=\"718\" src=\"https:\/\/corrientesdetarde.com\/wp-content\/uploads\/2022\/10\/Captura-de-pantalla-2022-10-26-111933-1024x718.png\" alt=\"\" class=\"wp-image-14650\" srcset=\"https:\/\/corrientesdetarde.com\/wp-content\/uploads\/2022\/10\/Captura-de-pantalla-2022-10-26-111933-1024x718.png 1024w, https:\/\/corrientesdetarde.com\/wp-content\/uploads\/2022\/10\/Captura-de-pantalla-2022-10-26-111933-300x210.png 300w, https:\/\/corrientesdetarde.com\/wp-content\/uploads\/2022\/10\/Captura-de-pantalla-2022-10-26-111933-768x538.png 768w, https:\/\/corrientesdetarde.com\/wp-content\/uploads\/2022\/10\/Captura-de-pantalla-2022-10-26-111933.png 1201w\" sizes=\"auto, (max-width: 1024px) 100vw, 1024px\" \/><\/figure>\n\n\n\n<p>En un trabajo articulado por las secretar\u00edas de Infraestructura y Educaci\u00f3n y Cultura, la Municipalidad de Corrientes se encuentra encarando obras de mejoras integrales en los Centros de Desarrollo Infantil (CDI) que se encuentran distribuidos en distintos barrios de la ciudad.<br><br>El viceintendente municipal, Emilio Lanari, visit\u00f3 el CDI del barrio Quilmes y se\u00f1al\u00f3: \u201cEstuvimos viendo todo lo que se ha hecho y est\u00e1 haciendo, como pintura en general, refacci\u00f3n de techos, aberturas y lo que se va a hacer pr\u00f3ximamente, que es una conexi\u00f3n con la Saps del mismo sector para darle una integridad funcional y mayor seguridad tanto para nuestros ni\u00f1os como para el personal del centro de salud\u201d.<br><br>\u201cEsta es una tarea que venimos realizando y va a abarcar a los 15 CDI. Ya entregamos la obra en el CDI del barrio Popular, y ahora recorrimos con el secretario de Infraestructura, Math\u00edas Cabrera, el CDI del barrio Quilmes donde se est\u00e1 realizando una obra de similares caracter\u00edsticas y que va a continuar en cada uno de los Mita\u00ed Roga de la ciudad\u201d, prosigui\u00f3 el vicejefe comunal.<\/p>\n\n\n\n<figure class=\"wp-block-image size-large\"><img loading=\"lazy\" decoding=\"async\" width=\"1024\" height=\"675\" src=\"https:\/\/corrientesdetarde.com\/wp-content\/uploads\/2022\/10\/Captura-de-pantalla-2022-10-26-112013-1024x675.png\" alt=\"\" class=\"wp-image-14651\" srcset=\"https:\/\/corrientesdetarde.com\/wp-content\/uploads\/2022\/10\/Captura-de-pantalla-2022-10-26-112013-1024x675.png 1024w, https:\/\/corrientesdetarde.com\/wp-content\/uploads\/2022\/10\/Captura-de-pantalla-2022-10-26-112013-300x198.png 300w, https:\/\/corrientesdetarde.com\/wp-content\/uploads\/2022\/10\/Captura-de-pantalla-2022-10-26-112013-768x506.png 768w, https:\/\/corrientesdetarde.com\/wp-content\/uploads\/2022\/10\/Captura-de-pantalla-2022-10-26-112013.png 1266w\" sizes=\"auto, (max-width: 1024px) 100vw, 1024px\" \/><\/figure>\n\n\n\n<p><br><br>Acerca de la importancia de las obras, Lanari reflexion\u00f3: \u201cSe sabe que si a una casa no se la mantiene, se va deteriorando\u201d y, por eso, asegur\u00f3 que se trabaja para que cada uno de los CDI municipales est\u00e9n en las mejores condiciones para albergar a m\u00e1s de 2 mil ni\u00f1os. \u201cLos padres conf\u00edan en nosotros para el cuidado de sus hijos\u201d, destac\u00f3. Adem\u00e1s, record\u00f3 que est\u00e1 finalizando la segunda etapa de \u00a0la construcci\u00f3n del CDI \u00b016, en el barrio Pirayu\u00ed.<br><br>Math\u00edas Cabrera, secretario de Infraestructura, dijo que \u201cla Municipalidad arm\u00f3 un plan para intervenir de manera constante en todos los CDI que tenemos en la ciudad, de modo tal que tengan un mantenimiento generalizado\u201d.<br><br>En cuanto a los trabajos en el CDI del barrio Quilmes, el funcionario cont\u00f3: \u201cEstamos haciendo un trabajo muy fuerte, primero en la parte de seguridad el\u00e9ctrica, puesto que a estos lugares concurren todos los d\u00edas ni\u00f1os muy peque\u00f1os. Tambi\u00e9n estamos haciendo la reparaci\u00f3n y la pintura de todos los salones, ba\u00f1os, y poniendo en condiciones para la temporada de verano los ventiladores y aires acondicionados, como as\u00ed tambi\u00e9n se est\u00e1 reforzando la iluminaci\u00f3n y la seguridad de cada uno de los lugares\u201d.<\/p>\n\n\n\n<figure class=\"wp-block-embed is-type-video is-provider-youtube wp-block-embed-youtube wp-embed-aspect-16-9 wp-has-aspect-ratio\"><div class=\"wp-block-embed__wrapper\">\n<iframe loading=\"lazy\" title=\"Obras de mejoras integrales en los CDI municipales\" width=\"1110\" height=\"624\" src=\"https:\/\/www.youtube.com\/embed\/Gt3Mi1LyiXU?feature=oembed\" frameborder=\"0\" allow=\"accelerometer; autoplay; clipboard-write; encrypted-media; gyroscope; picture-in-picture\" allowfullscreen><\/iframe>\n<\/div><\/figure>\n\n\n\n<p><br><br>Cabrera indic\u00f3 que \u201chay instalaciones que est\u00e1n un poco mejor que otras, pero nunca se hab\u00eda hecho una intervenci\u00f3n tan importante como la que estamos haciendo ahora\u201d, agregando que \u201cla idea es mejorar integralmente las instalaciones y volver cada a\u00f1o a realizar el mantenimiento\u201d.<br><br>Por su parte, el subsecretario de Pol\u00edticas Educativas, N\u00e9stor Frette, destac\u00f3 que las obras que se encaran en los CDI \u201cson primordiales y se realizan con los recaudos necesarios por la presencia de los infantes. Se busca recuperar los espacios internos y externos de los Mita\u00ed Roga para el mejor aprovechamiento de todos los ni\u00f1os\u201d.<br><br>\u201cAntes de encarar las obras se hizo un relevamiento muy ordenado y organizado para determinar las tareas a realizar en cada CDI, las cuales fueron giradas a la secretar\u00eda de Infraestructura para su intervenci\u00f3n\u201d, subray\u00f3 Frette.<br><br>Karina Mi\u00f1o, directora del CDI VI del barrio Quilmes, indic\u00f3 que \u201chace un mes aproximadamente comenzaron los trabajos de pintura, mejora de techos, reemplazo de ca\u00f1er\u00edas, iluminaci\u00f3n nueva, ventiladores, limpieza de split, mejora de la seguridad en las aberturas, y hay una sala que se est\u00e1 haciendo pr\u00e1cticamente a nuevo\u201d.<br><br>\u201cEstamos muy felices, es un trabajo importante el que se est\u00e1 encarando porque no solamente estamos nosotros ac\u00e1 trabajando, sino que lo hacemos con ni\u00f1os, as\u00ed que los tutores tambi\u00e9n est\u00e1n satisfechos porque ven que nuestras autoridades est\u00e1n atentas a las necesidades de los CDI\u201d, expres\u00f3 Mi\u00f1o.<br><br>IMPORTANCIA<br>Los CDI municipales son actualmente 15 y albergan a poco m\u00e1s de 2.000 ni\u00f1os, desde 45 d\u00edas hasta 4 a\u00f1os. \u00a0<br><br>En los Mita\u00ed Roga, los peque\u00f1os reciben desayuno, colaci\u00f3n y almuerzo (turno ma\u00f1ana) y almuerzo, colaci\u00f3n y merienda (turno tarde), en d\u00edas h\u00e1biles de lunes a viernes, permitiendo que los padres puedan abocarse a sus tareas cotidianas, dejando a sus hijos en un lugar cuidado y seguro.<\/p>\n","protected":false},"excerpt":{"rendered":"<p>Los trabajos de refacci\u00f3n general iniciaron en los Centros de Desarrollo Infantil (CDI) de los barrios Itat\u00ed, San Marcos y Quilmes, para continuar en bloque de tres hasta completar los&hellip; <\/p>\n","protected":false},"author":4,"featured_media":14649,"comment_status":"closed","ping_status":"open","sticky":false,"template":"","format":"standard","meta":{"footnotes":""},"categories":[1],"tags":[],"class_list":["post-14648","post","type-post","status-publish","format-standard","has-post-thumbnail","hentry","category-informacion-general"],"_links":{"self":[{"href":"https:\/\/corrientesdetarde.com\/index.php\/wp-json\/wp\/v2\/posts\/14648","targetHints":{"allow":["GET"]}}],"collection":[{"href":"https:\/\/corrientesdetarde.com\/index.php\/wp-json\/wp\/v2\/posts"}],"about":[{"href":"https:\/\/corrientesdetarde.com\/index.php\/wp-json\/wp\/v2\/types\/post"}],"author":[{"embeddable":true,"href":"https:\/\/corrientesdetarde.com\/index.php\/wp-json\/wp\/v2\/users\/4"}],"replies":[{"embeddable":true,"href":"https:\/\/corrientesdetarde.com\/index.php\/wp-json\/wp\/v2\/comments?post=14648"}],"version-history":[{"count":2,"href":"https:\/\/corrientesdetarde.com\/index.php\/wp-json\/wp\/v2\/posts\/14648\/revisions"}],"predecessor-version":[{"id":14655,"href":"https:\/\/corrientesdetarde.com\/index.php\/wp-json\/wp\/v2\/posts\/14648\/revisions\/14655"}],"wp:featuredmedia":[{"embeddable":true,"href":"https:\/\/corrientesdetarde.com\/index.php\/wp-json\/wp\/v2\/media\/14649"}],"wp:attachment":[{"href":"https:\/\/corrientesdetarde.com\/index.php\/wp-json\/wp\/v2\/media?parent=14648"}],"wp:term":[{"taxonomy":"category","embeddable":true,"href":"https:\/\/corrientesdetarde.com\/index.php\/wp-json\/wp\/v2\/categories?post=14648"},{"taxonomy":"post_tag","embeddable":true,"href":"https:\/\/corrientesdetarde.com\/index.php\/wp-json\/wp\/v2\/tags?post=14648"}],"curies":[{"name":"wp","href":"https:\/\/api.w.org\/{rel}","templated":true}]}}