{"id":146480,"date":"2024-05-10T20:30:58","date_gmt":"2024-05-10T23:30:58","guid":{"rendered":"https:\/\/corrientesdetarde.com\/?p=146480"},"modified":"2024-05-10T20:31:10","modified_gmt":"2024-05-10T23:31:10","slug":"alemania-manifestantes-intentaron-ingresar-a-la-planta-de-tesla-pero-chocaron-con-la-policia","status":"publish","type":"post","link":"https:\/\/corrientesdetarde.com\/index.php\/internacionales\/alemania-manifestantes-intentaron-ingresar-a-la-planta-de-tesla-pero-chocaron-con-la-policia\/","title":{"rendered":"Alemania: manifestantes intentaron ingresar a la planta de Tesla pero chocaron con la Polic\u00eda"},"content":{"rendered":"\n<p>Al menos uno termin\u00f3 detenido: opin\u00f3 Elon Musk y carg\u00f3 contra los &#8220;izquierdistas&#8221;.<\/p>\n\n\n\n<p><strong>Manifestantes que se oponen a una ampliaci\u00f3n de la planta del fabricante estadounidense de veh\u00edculos el\u00e9ctricos Tesla en Grueneheide, cerca de Berl\u00edn,&nbsp;<\/strong>se enfrentaron con la Polic\u00eda cuando algunos de ellos intentaron entrar en las instalaciones este viernes.<\/p>\n\n\n\n<p><strong>Unas 800 personas participaron en la protesta,&nbsp;<\/strong>seg\u00fan el grupo organizador&nbsp;<strong>Disrupt Tesla<\/strong>, que sostiene que la ampliaci\u00f3n da\u00f1ar\u00eda el medio ambiente.<\/p>\n\n\n\n<p>Un video de la agencia de noticias Reuters mostraba a&nbsp;<strong>decenas de personas con gorras azules y m\u00e1scaras que les cubr\u00edan la cara procedentes de una zona boscosa cercana que intentaban entrar en las instalaciones de la empresa, con polic\u00edas tratando de impedirlo, incluso por la fuerza.&nbsp;<\/strong>Como consecuencia del choque,&nbsp;<strong>al menos un manifestante fue detenido.<\/strong><\/p>\n\n\n\n<p>&#8220;<strong>\u00bfPor qu\u00e9 la polic\u00eda deja escapar tan f\u00e1cilmente a los manifestantes de izquierda?&#8221;, escribi\u00f3 el presidente ejecutivo de Tesla,\u00a0Elon Musk<\/strong>, en su plataforma de redes sociales X, quien a\u00f1adi\u00f3 que estos no consiguieron abrirse paso. El video tambi\u00e9n mostraba a\u00a0<strong>personal m\u00e9dico ayudando a algunos heridos.<\/strong><\/p>\n\n\n\n<p><strong>&#8220;Estamos aqu\u00ed hoy para llamar la atenci\u00f3n sobre la f\u00e1brica de Tesla en Grunheide por la destrucci\u00f3n medioambiental que ocurre aqu\u00ed&#8221;,&nbsp;<\/strong>declar\u00f3 a Reuters&nbsp;<strong>el portavoz de Disrupt Tesla, Ole Becker.<\/strong><\/p>\n\n\n\n<p><strong>El grupo tambi\u00e9n quiere llamar la atenci\u00f3n por la destrucci\u00f3n medioambiental en pa\u00edses como la Argentina o Bolivia, provocada por la miner\u00eda del litio,&nbsp;<\/strong>seg\u00fan Becker. El&nbsp;<strong>litio<\/strong>&nbsp;es un recurso clave para las bater\u00edas de los veh\u00edculos el\u00e9ctricos.<\/p>\n\n\n\n<p><strong>&#8220;Protegemos la libertad de reuni\u00f3n&#8221;,&nbsp;<\/strong>asegur\u00f3 Mario Heinemann, portavoz de la polic\u00eda de Brandeburgo, &#8220;pero tambi\u00e9n somos responsables del orden p\u00fablico y la seguridad. Eso significa que tambi\u00e9n intervendremos cuando sea necesario&#8221;.<\/p>\n\n\n\n<p>La&nbsp;<strong>Polic\u00eda&nbsp;<\/strong>confirm\u00f3 que los manifestantes intentaron entrar en las instalaciones de la planta, pero se lo impidieron, con varias personas detenidas, y que recibi\u00f3 algunos informes de heridos.<\/p>\n","protected":false},"excerpt":{"rendered":"<p>Al menos uno termin\u00f3 detenido: opin\u00f3 Elon Musk y carg\u00f3 contra los &#8220;izquierdistas&#8221;. Manifestantes que se oponen a una ampliaci\u00f3n de la planta del fabricante estadounidense de veh\u00edculos el\u00e9ctricos Tesla&hellip; <\/p>\n","protected":false},"author":4,"featured_media":146481,"comment_status":"closed","ping_status":"open","sticky":false,"template":"","format":"standard","meta":{"footnotes":""},"categories":[11],"tags":[],"class_list":["post-146480","post","type-post","status-publish","format-standard","has-post-thumbnail","hentry","category-internacionales"],"_links":{"self":[{"href":"https:\/\/corrientesdetarde.com\/index.php\/wp-json\/wp\/v2\/posts\/146480","targetHints":{"allow":["GET"]}}],"collection":[{"href":"https:\/\/corrientesdetarde.com\/index.php\/wp-json\/wp\/v2\/posts"}],"about":[{"href":"https:\/\/corrientesdetarde.com\/index.php\/wp-json\/wp\/v2\/types\/post"}],"author":[{"embeddable":true,"href":"https:\/\/corrientesdetarde.com\/index.php\/wp-json\/wp\/v2\/users\/4"}],"replies":[{"embeddable":true,"href":"https:\/\/corrientesdetarde.com\/index.php\/wp-json\/wp\/v2\/comments?post=146480"}],"version-history":[{"count":1,"href":"https:\/\/corrientesdetarde.com\/index.php\/wp-json\/wp\/v2\/posts\/146480\/revisions"}],"predecessor-version":[{"id":146482,"href":"https:\/\/corrientesdetarde.com\/index.php\/wp-json\/wp\/v2\/posts\/146480\/revisions\/146482"}],"wp:featuredmedia":[{"embeddable":true,"href":"https:\/\/corrientesdetarde.com\/index.php\/wp-json\/wp\/v2\/media\/146481"}],"wp:attachment":[{"href":"https:\/\/corrientesdetarde.com\/index.php\/wp-json\/wp\/v2\/media?parent=146480"}],"wp:term":[{"taxonomy":"category","embeddable":true,"href":"https:\/\/corrientesdetarde.com\/index.php\/wp-json\/wp\/v2\/categories?post=146480"},{"taxonomy":"post_tag","embeddable":true,"href":"https:\/\/corrientesdetarde.com\/index.php\/wp-json\/wp\/v2\/tags?post=146480"}],"curies":[{"name":"wp","href":"https:\/\/api.w.org\/{rel}","templated":true}]}}