{"id":146486,"date":"2024-05-10T20:44:19","date_gmt":"2024-05-10T23:44:19","guid":{"rendered":"https:\/\/corrientesdetarde.com\/?p=146486"},"modified":"2024-05-10T20:44:31","modified_gmt":"2024-05-10T23:44:31","slug":"como-fue-la-suba-de-salarios-en-marzo-cuando-volvieron-a-perder-ante-la-inflacion","status":"publish","type":"post","link":"https:\/\/corrientesdetarde.com\/index.php\/economia\/como-fue-la-suba-de-salarios-en-marzo-cuando-volvieron-a-perder-ante-la-inflacion\/","title":{"rendered":"\u00bfC\u00f3mo fue la suba de salarios en marzo, cuando volvieron a perder ante la inflaci\u00f3n?"},"content":{"rendered":"\n<p>El INDEC difundi\u00f3 los datos oficiales, que siguen reflejando una p\u00e9rdida del poder adquisitivo.<\/p>\n\n\n\n<p>El \u00edndice de salarios subi\u00f3 10,3% en marzo \u00faltimo, y volvi\u00f3 a perder ante una inflaci\u00f3n que redonde\u00f3 el 11%, seg\u00fan inform\u00f3 el INDEC.<\/p>\n\n\n\n<p>Adem\u00e1s, el \u00cdndice de salarios se increment\u00f3 200,8% interanual.&nbsp;<\/p>\n\n\n\n<p>El indicador acumula una suba del 45,5% respecto de diciembre previo, cuando los precios crecieron 51,6%.&nbsp;<\/p>\n\n\n\n<p>El crecimiento mensual se debe a subas de 10,0% en el sector privado registrado, 11,0% en el sector p\u00fablico y 9,7% en el sector privado no registrado, indic\u00f3 el INDEC.<\/p>\n","protected":false},"excerpt":{"rendered":"<p>El INDEC difundi\u00f3 los datos oficiales, que siguen reflejando una p\u00e9rdida del poder adquisitivo. El \u00edndice de salarios subi\u00f3 10,3% en marzo \u00faltimo, y volvi\u00f3 a perder ante una inflaci\u00f3n&hellip; <\/p>\n","protected":false},"author":4,"featured_media":146487,"comment_status":"closed","ping_status":"open","sticky":false,"template":"","format":"standard","meta":{"footnotes":""},"categories":[20],"tags":[],"class_list":["post-146486","post","type-post","status-publish","format-standard","has-post-thumbnail","hentry","category-economia"],"_links":{"self":[{"href":"https:\/\/corrientesdetarde.com\/index.php\/wp-json\/wp\/v2\/posts\/146486","targetHints":{"allow":["GET"]}}],"collection":[{"href":"https:\/\/corrientesdetarde.com\/index.php\/wp-json\/wp\/v2\/posts"}],"about":[{"href":"https:\/\/corrientesdetarde.com\/index.php\/wp-json\/wp\/v2\/types\/post"}],"author":[{"embeddable":true,"href":"https:\/\/corrientesdetarde.com\/index.php\/wp-json\/wp\/v2\/users\/4"}],"replies":[{"embeddable":true,"href":"https:\/\/corrientesdetarde.com\/index.php\/wp-json\/wp\/v2\/comments?post=146486"}],"version-history":[{"count":1,"href":"https:\/\/corrientesdetarde.com\/index.php\/wp-json\/wp\/v2\/posts\/146486\/revisions"}],"predecessor-version":[{"id":146488,"href":"https:\/\/corrientesdetarde.com\/index.php\/wp-json\/wp\/v2\/posts\/146486\/revisions\/146488"}],"wp:featuredmedia":[{"embeddable":true,"href":"https:\/\/corrientesdetarde.com\/index.php\/wp-json\/wp\/v2\/media\/146487"}],"wp:attachment":[{"href":"https:\/\/corrientesdetarde.com\/index.php\/wp-json\/wp\/v2\/media?parent=146486"}],"wp:term":[{"taxonomy":"category","embeddable":true,"href":"https:\/\/corrientesdetarde.com\/index.php\/wp-json\/wp\/v2\/categories?post=146486"},{"taxonomy":"post_tag","embeddable":true,"href":"https:\/\/corrientesdetarde.com\/index.php\/wp-json\/wp\/v2\/tags?post=146486"}],"curies":[{"name":"wp","href":"https:\/\/api.w.org\/{rel}","templated":true}]}}