{"id":146493,"date":"2024-05-10T21:27:57","date_gmt":"2024-05-11T00:27:57","guid":{"rendered":"https:\/\/corrientesdetarde.com\/?p=146493"},"modified":"2024-05-10T21:27:58","modified_gmt":"2024-05-11T00:27:58","slug":"el-sector-automotriz-no-levanta-cabeza-y-sufre-el-impacto-de-la-recesion","status":"publish","type":"post","link":"https:\/\/corrientesdetarde.com\/index.php\/economia\/el-sector-automotriz-no-levanta-cabeza-y-sufre-el-impacto-de-la-recesion\/","title":{"rendered":"El sector automotriz no levanta cabeza y sufre el impacto de la recesi\u00f3n"},"content":{"rendered":"\n<p>Un informe difundido por el Frente Renovador con datos de ADEFA da cuenta de la fuerte ca\u00edda en la producci\u00f3n, exportaci\u00f3n y venta de autom\u00f3viles.<\/p>\n\n\n\n<p>Un informe distribuido por el&nbsp;Frente Renovador de Sergio Massa con datos del \u00faltimo relevamiento de la&nbsp;<strong>Asociaci\u00f3n de Fabricantes de Automotores (Adefa), refleja la dificil situaci\u00f3n que est\u00e1 atravesando la industria automotriz.<\/strong><\/p>\n\n\n\n<p>\u201cLa ca\u00edda en la producci\u00f3n, exportaci\u00f3n y venta de autos es hist\u00f3rica. Congelar la econom\u00eda no puede ser la salida para los problemas de Argentina\u201d, cita el informe y &nbsp;ejemplifica con los n\u00fameros del sector.<\/p>\n\n\n\n<p>La\u00a0producci\u00f3n automotriz\u00a0argentina no logra recuperarse y registr\u00f3 un nuevo retroceso,\u00a0<strong>al caer un 21% en abril, frente al mismo mes del a\u00f1o pasado<\/strong>,\u00a0mientas que\u00a0las ventas cayeron un 33,6% y las exportaciones un 32,9%.<\/p>\n\n\n\n<p>En abril se produjeron 42.974 veh\u00edculos, una baja de\u00a00,4% en cantidades respecto de marzo, pero un 21,4% menos de los\u00a0\u00a054.399 unidades que se produjeron en abril del a\u00f1o pasado.<\/p>\n\n\n\n<figure class=\"wp-block-image size-full\"><img loading=\"lazy\" decoding=\"async\" width=\"786\" height=\"437\" src=\"https:\/\/corrientesdetarde.com\/wp-content\/uploads\/2024\/05\/image-178.png\" alt=\"\" class=\"wp-image-146495\" srcset=\"https:\/\/corrientesdetarde.com\/wp-content\/uploads\/2024\/05\/image-178.png 786w, https:\/\/corrientesdetarde.com\/wp-content\/uploads\/2024\/05\/image-178-300x167.png 300w, https:\/\/corrientesdetarde.com\/wp-content\/uploads\/2024\/05\/image-178-768x427.png 768w\" sizes=\"auto, (max-width: 786px) 100vw, 786px\" \/><\/figure>\n\n\n\n<p>En cuanto al mercado externo, el informe apunta que&nbsp;<strong>se exportaron 20.611 unidades<\/strong>, un 12,4% menos que la cifra de&nbsp;marzo. y un un 33% menos que en abril del 2023.<\/p>\n\n\n\n<p>Al respecto del comportamiento de la actividad, el presidente de ADEFA, Mart\u00edn Zuppi, asegur\u00f3 que \u201ccomo lo ven\u00edamos anticipando, en el mes de abril las principales variables del sector continuaron mostrando una adecuaci\u00f3n a la nueva realidad econ\u00f3mica\u201d.<\/p>\n\n\n\n<p>En lo relativo a la venta de autom\u00f3viles Tambi\u00e9n marca el movimiento negativo de las ventas. Aqu\u00ed sostiene que se alcanzaron las 22.450 unidades, un 26% por debajo de los registros de\u00a0marzo. En la comparaci\u00f3n interanual, en abril del 2024 se vendi\u00f3 un 33% menos que en abril del 2023.<\/p>\n\n\n\n<figure class=\"wp-block-image size-full\"><img loading=\"lazy\" decoding=\"async\" width=\"786\" height=\"435\" src=\"https:\/\/corrientesdetarde.com\/wp-content\/uploads\/2024\/05\/image-179.png\" alt=\"\" class=\"wp-image-146496\" srcset=\"https:\/\/corrientesdetarde.com\/wp-content\/uploads\/2024\/05\/image-179.png 786w, https:\/\/corrientesdetarde.com\/wp-content\/uploads\/2024\/05\/image-179-300x166.png 300w, https:\/\/corrientesdetarde.com\/wp-content\/uploads\/2024\/05\/image-179-768x425.png 768w\" sizes=\"auto, (max-width: 786px) 100vw, 786px\" \/><\/figure>\n","protected":false},"excerpt":{"rendered":"<p>Un informe difundido por el Frente Renovador con datos de ADEFA da cuenta de la fuerte ca\u00edda en la producci\u00f3n, exportaci\u00f3n y venta de autom\u00f3viles. Un informe distribuido por el&nbsp;Frente&hellip; <\/p>\n","protected":false},"author":4,"featured_media":146497,"comment_status":"closed","ping_status":"open","sticky":false,"template":"","format":"standard","meta":{"footnotes":""},"categories":[20],"tags":[],"class_list":["post-146493","post","type-post","status-publish","format-standard","has-post-thumbnail","hentry","category-economia"],"_links":{"self":[{"href":"https:\/\/corrientesdetarde.com\/index.php\/wp-json\/wp\/v2\/posts\/146493","targetHints":{"allow":["GET"]}}],"collection":[{"href":"https:\/\/corrientesdetarde.com\/index.php\/wp-json\/wp\/v2\/posts"}],"about":[{"href":"https:\/\/corrientesdetarde.com\/index.php\/wp-json\/wp\/v2\/types\/post"}],"author":[{"embeddable":true,"href":"https:\/\/corrientesdetarde.com\/index.php\/wp-json\/wp\/v2\/users\/4"}],"replies":[{"embeddable":true,"href":"https:\/\/corrientesdetarde.com\/index.php\/wp-json\/wp\/v2\/comments?post=146493"}],"version-history":[{"count":1,"href":"https:\/\/corrientesdetarde.com\/index.php\/wp-json\/wp\/v2\/posts\/146493\/revisions"}],"predecessor-version":[{"id":146503,"href":"https:\/\/corrientesdetarde.com\/index.php\/wp-json\/wp\/v2\/posts\/146493\/revisions\/146503"}],"wp:featuredmedia":[{"embeddable":true,"href":"https:\/\/corrientesdetarde.com\/index.php\/wp-json\/wp\/v2\/media\/146497"}],"wp:attachment":[{"href":"https:\/\/corrientesdetarde.com\/index.php\/wp-json\/wp\/v2\/media?parent=146493"}],"wp:term":[{"taxonomy":"category","embeddable":true,"href":"https:\/\/corrientesdetarde.com\/index.php\/wp-json\/wp\/v2\/categories?post=146493"},{"taxonomy":"post_tag","embeddable":true,"href":"https:\/\/corrientesdetarde.com\/index.php\/wp-json\/wp\/v2\/tags?post=146493"}],"curies":[{"name":"wp","href":"https:\/\/api.w.org\/{rel}","templated":true}]}}