{"id":146510,"date":"2024-05-10T22:54:29","date_gmt":"2024-05-11T01:54:29","guid":{"rendered":"https:\/\/corrientesdetarde.com\/?p=146510"},"modified":"2024-05-10T22:54:36","modified_gmt":"2024-05-11T01:54:36","slug":"papa-francisco-tengo-ganas-de-ir-a-la-argentina","status":"publish","type":"post","link":"https:\/\/corrientesdetarde.com\/index.php\/politica\/papa-francisco-tengo-ganas-de-ir-a-la-argentina\/","title":{"rendered":"Papa Francisco: &#8220;Tengo ganas de ir a la Argentina&#8221;"},"content":{"rendered":"\n<p>El Sumo Pont\u00edfice pronunci\u00f3 ese deseo al Padre Pablo Viola en el Vaticano.<\/p>\n\n\n\n<p>El&nbsp;<strong>Papa Francisco<\/strong>&nbsp;revel\u00f3 hoy que tiene \u201cganas de ir a la Argentina\u201d, seg\u00fan le confes\u00f3 al padre&nbsp;<strong>Pablo Viola<\/strong>, quien lo visit\u00f3 en el Vaticano.<\/p>\n\n\n\n<p>\u201cSent\u00ed que fue un encuentro de un nieto con su abuelo, todo tan natural, \u00e9l es muy llano\u2026 Hablamos de la di\u00f3cesis, el Papa cont\u00f3 an\u00e9cdotas, me regal\u00f3 pila de libros, rosarios, estampitas\u2026 hicimos el intercambio de remeras (le llev\u00e9 una del Espacio Puentes \u2013 Hogar de Cristo Cura Brochero) y le di el cuadro\u2026 vimos el videoclip, le gust\u00f3 mucho y ah\u00ed el Papa dijo \u2018<strong>tengo ganas de ir a la Argentina<\/strong>\u2019. \u00a1Misi\u00f3n cumplida, Familia!\u201d, expres\u00f3 el sacerdote en un video que comparti\u00f3 con la&nbsp;<strong>Familia Grande Hogar de Cristo<\/strong>, de la cual es parte integrante.<\/p>\n\n\n\n<p>Durante la audiencia, el padre Pablo, que es adem\u00e1s coordinador de la Pastoral de Adicciones de la arquidi\u00f3cesis de C\u00f3rdoba, le mostr\u00f3 al Papa un videoclip de la canci\u00f3n<strong>&nbsp;\u201cVen\u00ed, Francisco, tu pueblo te espera\u201d,<\/strong>&nbsp;que cre\u00f3 junto a la&nbsp;<strong>Familia Grande Hogar de Cristo<\/strong>&nbsp;para alentarlo a que visite el pa\u00eds.<\/p>\n\n\n\n<p>Desde que<strong>&nbsp;Jorge Bergoglio&nbsp;<\/strong>fue designado Papa el 13 de marzo de 2013, nunca m\u00e1s volvi\u00f3 a la Argentina, aunque en varias oportunidades manifest\u00f3 su deseo de hacerlo cuando se dieran las circunstancias.<\/p>\n\n\n\n<p>El videoclip combina una canci\u00f3n del cantante&nbsp;<strong>Yhosva Montoya&nbsp;<\/strong>con una emotiva recopilaci\u00f3n de im\u00e1genes significativas, incluyendo la peregrinaci\u00f3n a la bas\u00edlica de Luj\u00e1n en marzo de este a\u00f1o y de la Peregrinaci\u00f3n Nacional en conmemoraci\u00f3n de los 15 a\u00f1os del Hogar de Cristo y los 10 a\u00f1os del pontificado de&nbsp;<strong>Francisco<\/strong>.<\/p>\n","protected":false},"excerpt":{"rendered":"<p>El Sumo Pont\u00edfice pronunci\u00f3 ese deseo al Padre Pablo Viola en el Vaticano. El&nbsp;Papa Francisco&nbsp;revel\u00f3 hoy que tiene \u201cganas de ir a la Argentina\u201d, seg\u00fan le confes\u00f3 al padre&nbsp;Pablo Viola,&hellip; <\/p>\n","protected":false},"author":4,"featured_media":146511,"comment_status":"closed","ping_status":"open","sticky":false,"template":"","format":"standard","meta":{"footnotes":""},"categories":[3],"tags":[],"class_list":["post-146510","post","type-post","status-publish","format-standard","has-post-thumbnail","hentry","category-politica"],"_links":{"self":[{"href":"https:\/\/corrientesdetarde.com\/index.php\/wp-json\/wp\/v2\/posts\/146510","targetHints":{"allow":["GET"]}}],"collection":[{"href":"https:\/\/corrientesdetarde.com\/index.php\/wp-json\/wp\/v2\/posts"}],"about":[{"href":"https:\/\/corrientesdetarde.com\/index.php\/wp-json\/wp\/v2\/types\/post"}],"author":[{"embeddable":true,"href":"https:\/\/corrientesdetarde.com\/index.php\/wp-json\/wp\/v2\/users\/4"}],"replies":[{"embeddable":true,"href":"https:\/\/corrientesdetarde.com\/index.php\/wp-json\/wp\/v2\/comments?post=146510"}],"version-history":[{"count":1,"href":"https:\/\/corrientesdetarde.com\/index.php\/wp-json\/wp\/v2\/posts\/146510\/revisions"}],"predecessor-version":[{"id":146512,"href":"https:\/\/corrientesdetarde.com\/index.php\/wp-json\/wp\/v2\/posts\/146510\/revisions\/146512"}],"wp:featuredmedia":[{"embeddable":true,"href":"https:\/\/corrientesdetarde.com\/index.php\/wp-json\/wp\/v2\/media\/146511"}],"wp:attachment":[{"href":"https:\/\/corrientesdetarde.com\/index.php\/wp-json\/wp\/v2\/media?parent=146510"}],"wp:term":[{"taxonomy":"category","embeddable":true,"href":"https:\/\/corrientesdetarde.com\/index.php\/wp-json\/wp\/v2\/categories?post=146510"},{"taxonomy":"post_tag","embeddable":true,"href":"https:\/\/corrientesdetarde.com\/index.php\/wp-json\/wp\/v2\/tags?post=146510"}],"curies":[{"name":"wp","href":"https:\/\/api.w.org\/{rel}","templated":true}]}}