{"id":146529,"date":"2024-05-10T23:57:52","date_gmt":"2024-05-11T02:57:52","guid":{"rendered":"https:\/\/corrientesdetarde.com\/?p=146529"},"modified":"2024-05-10T23:58:18","modified_gmt":"2024-05-11T02:58:18","slug":"el-senor-de-los-anillos-regresa-a-la-gran-pantalla-con-dos-nuevas-peliculas","status":"publish","type":"post","link":"https:\/\/corrientesdetarde.com\/index.php\/espectaculos\/el-senor-de-los-anillos-regresa-a-la-gran-pantalla-con-dos-nuevas-peliculas\/","title":{"rendered":"&#8220;El Se\u00f1or de los anillos&#8221; regresa a la gran pantalla con dos nuevas pel\u00edculas"},"content":{"rendered":"\n<p>La productora Warner Bros confirm\u00f3 dos proyectos con &#8220;Gollum&#8221; como su protagonista.<\/p>\n\n\n\n<p><strong>\u201cEl Se\u00f1or de los anillos\u201d<\/strong>\u00a0vuelve a las pantallas de cine con dos nuevas entregas que prometen deleitar a los miles de fan\u00e1ticos de la saga.\u00a0<\/p>\n\n\n\n<p>El anuncio fue hecho este jueves por&nbsp;<strong>David Zaslav<\/strong>, presidente ejecutivo de Warner Bros Discovery, quien dio un&nbsp;<em>spoiler<\/em>&nbsp;de como se llamar\u00e1 la primera de las dos nuevas pel\u00edculas: &#8220;<strong>El Se\u00f1or de los Anillos: La caza de Gollum<\/strong>&#8220;. Este film estar\u00e1 dirigido por el actor&nbsp;<strong>Andy Serkis<\/strong>, quien tambi\u00e9n repetir\u00e1 su ic\u00f3nico papel como&nbsp;<strong>Gollum<\/strong>.<\/p>\n\n\n\n<p><strong>Peter Jackson<\/strong>, el legendario director de la trilog\u00eda original de \u201cEl Se\u00f1or de los Anillos\u201d, se unir\u00e1 como productor de estos nuevos largometrajes con fecha de estreno en el<strong>&nbsp;2026.<\/strong><\/p>\n\n\n\n<p>Los films se basan en los libros escritos por\u00a0<strong>J.R.R. Tolkien<\/strong>\u00a0y se ambientan en la Tierra Media, un territorio ficticio habitado por humanos, elfos, enanos y hobbits.<\/p>\n\n\n\n<figure class=\"wp-block-image size-full\"><img loading=\"lazy\" decoding=\"async\" width=\"778\" height=\"470\" src=\"https:\/\/corrientesdetarde.com\/wp-content\/uploads\/2024\/05\/image-181.png\" alt=\"\" class=\"wp-image-146532\" srcset=\"https:\/\/corrientesdetarde.com\/wp-content\/uploads\/2024\/05\/image-181.png 778w, https:\/\/corrientesdetarde.com\/wp-content\/uploads\/2024\/05\/image-181-300x181.png 300w, https:\/\/corrientesdetarde.com\/wp-content\/uploads\/2024\/05\/image-181-768x464.png 768w\" sizes=\"auto, (max-width: 778px) 100vw, 778px\" \/><\/figure>\n\n\n\n<p>La famosa saga cinematogr\u00e1fica es una de las m\u00e1s exitosas en la historia del cine, recaudando casi 6.000 millones de d\u00f3lares en taquilla a nivel mundial. \u201cEl Retorno del Rey\u201d (2003), fue galardonada con 11 premios Oscar, incluido el premio a la&nbsp;<strong>mejor pel\u00edcula<\/strong>.<\/p>\n\n\n\n<p>En diciembre se estrenar\u00e1 en los cines \u201c<strong>La guerra de los Rohirrim<\/strong>\u201d, una pel\u00edcula de animaci\u00f3n que expandir\u00e1 a\u00fan m\u00e1s el universo de Tierra Media.&nbsp;<\/p>\n","protected":false},"excerpt":{"rendered":"<p>La productora Warner Bros confirm\u00f3 dos proyectos con &#8220;Gollum&#8221; como su protagonista. \u201cEl Se\u00f1or de los anillos\u201d\u00a0vuelve a las pantallas de cine con dos nuevas entregas que prometen deleitar a&hellip; <\/p>\n","protected":false},"author":4,"featured_media":146530,"comment_status":"closed","ping_status":"open","sticky":false,"template":"","format":"standard","meta":{"footnotes":""},"categories":[19],"tags":[],"class_list":["post-146529","post","type-post","status-publish","format-standard","has-post-thumbnail","hentry","category-espectaculos"],"_links":{"self":[{"href":"https:\/\/corrientesdetarde.com\/index.php\/wp-json\/wp\/v2\/posts\/146529","targetHints":{"allow":["GET"]}}],"collection":[{"href":"https:\/\/corrientesdetarde.com\/index.php\/wp-json\/wp\/v2\/posts"}],"about":[{"href":"https:\/\/corrientesdetarde.com\/index.php\/wp-json\/wp\/v2\/types\/post"}],"author":[{"embeddable":true,"href":"https:\/\/corrientesdetarde.com\/index.php\/wp-json\/wp\/v2\/users\/4"}],"replies":[{"embeddable":true,"href":"https:\/\/corrientesdetarde.com\/index.php\/wp-json\/wp\/v2\/comments?post=146529"}],"version-history":[{"count":3,"href":"https:\/\/corrientesdetarde.com\/index.php\/wp-json\/wp\/v2\/posts\/146529\/revisions"}],"predecessor-version":[{"id":146534,"href":"https:\/\/corrientesdetarde.com\/index.php\/wp-json\/wp\/v2\/posts\/146529\/revisions\/146534"}],"wp:featuredmedia":[{"embeddable":true,"href":"https:\/\/corrientesdetarde.com\/index.php\/wp-json\/wp\/v2\/media\/146530"}],"wp:attachment":[{"href":"https:\/\/corrientesdetarde.com\/index.php\/wp-json\/wp\/v2\/media?parent=146529"}],"wp:term":[{"taxonomy":"category","embeddable":true,"href":"https:\/\/corrientesdetarde.com\/index.php\/wp-json\/wp\/v2\/categories?post=146529"},{"taxonomy":"post_tag","embeddable":true,"href":"https:\/\/corrientesdetarde.com\/index.php\/wp-json\/wp\/v2\/tags?post=146529"}],"curies":[{"name":"wp","href":"https:\/\/api.w.org\/{rel}","templated":true}]}}