{"id":14653,"date":"2022-10-26T11:23:30","date_gmt":"2022-10-26T14:23:30","guid":{"rendered":"https:\/\/corrientesdetarde.com\/?p=14653"},"modified":"2022-10-26T11:23:34","modified_gmt":"2022-10-26T14:23:34","slug":"volco-su-automovil-a-pocos-metros-de-una-comisaria","status":"publish","type":"post","link":"https:\/\/corrientesdetarde.com\/index.php\/crimen-y-justicia\/volco-su-automovil-a-pocos-metros-de-una-comisaria\/","title":{"rendered":"Volc\u00f3 su autom\u00f3vil a pocos metros de una comisar\u00eda"},"content":{"rendered":"\n<p>Una mujer de 52 a\u00f1os result\u00f3 con excoriaciones m\u00faltiples y un gran susto, luego de perder el control del autom\u00f3vil en el que se desplazaba por una de las avenidas principales del complejo habitacional Santa Catalina, a metros de la comisar\u00eda del barrio, informaron fuentes oficiales.<\/p>\n\n\n\n<p>El siniestro sucedi\u00f3 alrededor de las 15:30 cuando la conductora del autom\u00f3vil Renault Kwid, de apellido Ludman de 52 a\u00f1os, circulaba por un camino enripiado a unos 50 metros de la Comisar\u00eda N\u00b0 23, en la zona Sur de la capital correntina. En un momento determinado, la mujer realiz\u00f3 una maniobra brusca que termin\u00f3 provocando el vuelco del veh\u00edculo, que finaliz\u00f3 recostado sobre su lateral derecho, casi sobre una columna de alumbrado p\u00fablico.<\/p>\n\n\n\n<figure class=\"wp-block-image\"><img decoding=\"async\" src=\"https:\/\/www.diarioepoca.com\/content\/bucket\/0\/1258540w762h449c.jpg.webp\" alt=\"\"\/><\/figure>\n\n\n\n<p>La conductora fue asistida en el lugar por vecinos y los propios polic\u00edas, quienes salieron de la dependencia para poder rescatarla del interior del auto. Minutos m\u00e1s tarde lleg\u00f3 una ambulancia cuyos param\u00e9dicos atendieron a la v\u00edctima en el lugar, aunque sus lesiones no revest\u00edan gravedad.<\/p>\n","protected":false},"excerpt":{"rendered":"<p>Una mujer de 52 a\u00f1os result\u00f3 con excoriaciones m\u00faltiples y un gran susto, luego de perder el control del autom\u00f3vil en el que se desplazaba por una de las avenidas&hellip; <\/p>\n","protected":false},"author":4,"featured_media":14611,"comment_status":"closed","ping_status":"open","sticky":false,"template":"","format":"standard","meta":{"footnotes":""},"categories":[5],"tags":[],"class_list":["post-14653","post","type-post","status-publish","format-standard","has-post-thumbnail","hentry","category-crimen-y-justicia"],"_links":{"self":[{"href":"https:\/\/corrientesdetarde.com\/index.php\/wp-json\/wp\/v2\/posts\/14653","targetHints":{"allow":["GET"]}}],"collection":[{"href":"https:\/\/corrientesdetarde.com\/index.php\/wp-json\/wp\/v2\/posts"}],"about":[{"href":"https:\/\/corrientesdetarde.com\/index.php\/wp-json\/wp\/v2\/types\/post"}],"author":[{"embeddable":true,"href":"https:\/\/corrientesdetarde.com\/index.php\/wp-json\/wp\/v2\/users\/4"}],"replies":[{"embeddable":true,"href":"https:\/\/corrientesdetarde.com\/index.php\/wp-json\/wp\/v2\/comments?post=14653"}],"version-history":[{"count":1,"href":"https:\/\/corrientesdetarde.com\/index.php\/wp-json\/wp\/v2\/posts\/14653\/revisions"}],"predecessor-version":[{"id":14654,"href":"https:\/\/corrientesdetarde.com\/index.php\/wp-json\/wp\/v2\/posts\/14653\/revisions\/14654"}],"wp:featuredmedia":[{"embeddable":true,"href":"https:\/\/corrientesdetarde.com\/index.php\/wp-json\/wp\/v2\/media\/14611"}],"wp:attachment":[{"href":"https:\/\/corrientesdetarde.com\/index.php\/wp-json\/wp\/v2\/media?parent=14653"}],"wp:term":[{"taxonomy":"category","embeddable":true,"href":"https:\/\/corrientesdetarde.com\/index.php\/wp-json\/wp\/v2\/categories?post=14653"},{"taxonomy":"post_tag","embeddable":true,"href":"https:\/\/corrientesdetarde.com\/index.php\/wp-json\/wp\/v2\/tags?post=14653"}],"curies":[{"name":"wp","href":"https:\/\/api.w.org\/{rel}","templated":true}]}}