{"id":146540,"date":"2024-05-11T00:04:56","date_gmt":"2024-05-11T03:04:56","guid":{"rendered":"https:\/\/corrientesdetarde.com\/?p=146540"},"modified":"2024-05-11T00:04:59","modified_gmt":"2024-05-11T03:04:59","slug":"ana-gabriel-brillo-en-buenos-aires-un-aniversario-inolvidable-en-el-movistar-arena","status":"publish","type":"post","link":"https:\/\/corrientesdetarde.com\/index.php\/espectaculos\/ana-gabriel-brillo-en-buenos-aires-un-aniversario-inolvidable-en-el-movistar-arena\/","title":{"rendered":"Ana Gabriel brill\u00f3 en Buenos Aires: un aniversario inolvidable en el Movistar Arena"},"content":{"rendered":"\n<p>La cantante deslumbr\u00f3 en un show que recorre sus 50 a\u00f1os de trayectoria en la m\u00fasica.<\/p>\n\n\n\n<p>El Movistar Arena se convirti\u00f3 en una fiesta cuando Ana Gabriel, la ic\u00f3nica cantante mexicana, celebr\u00f3 sus 50 a\u00f1os de trayectoria musical ante sus miles de fan\u00e1ticos en el marco de su tour&nbsp;<em><strong>Un deseo m\u00e1s,&nbsp;<\/strong><\/em><strong>en un show que duro aproximadamente tres horas.<\/strong><\/p>\n\n\n\n<p>Aproximadamente a las 21:02 fue que se oscureci\u00f3 el recinto para darle la bienvenida a la cantante de 68 a\u00f1os. Con los gritos euf\u00f3ricos de la audiencia de fondo, Ana Gabriel hizo su entrada triunfal al escenario, por su detr\u00e1s, una pantalla llena de fuegos artificiales y la imagen de ella soplando una torta de cumplea\u00f1os. As\u00ed dio comienzo la fiesta que promet\u00eda la cantante en sus redes sociales. El p\u00fablico argentino recibi\u00f3 a la mexicana con una pasi\u00f3n desbordante que obligo a m\u00e1s de uno a pararse de su silla.\u00a0<\/p>\n\n\n\n<figure class=\"wp-block-image size-full\"><img loading=\"lazy\" decoding=\"async\" width=\"780\" height=\"470\" src=\"https:\/\/corrientesdetarde.com\/wp-content\/uploads\/2024\/05\/image-183.png\" alt=\"\" class=\"wp-image-146541\" srcset=\"https:\/\/corrientesdetarde.com\/wp-content\/uploads\/2024\/05\/image-183.png 780w, https:\/\/corrientesdetarde.com\/wp-content\/uploads\/2024\/05\/image-183-300x181.png 300w, https:\/\/corrientesdetarde.com\/wp-content\/uploads\/2024\/05\/image-183-768x463.png 768w\" sizes=\"auto, (max-width: 780px) 100vw, 780px\" \/><\/figure>\n\n\n\n<p>Con una imagen de ella a contraluz, comenz\u00f3 su show con &#8220;<em>Esta Noche<\/em>&#8220;, una de sus melod\u00edas m\u00e1s hermosas, provocando emoci\u00f3n entre la multitud. Fueron segundos despu\u00e9s de finalizada la canci\u00f3n, que el p\u00fablico le cantaba &#8220;\u00a1Ol\u00e9, Ol\u00e9, Ol\u00e9!&#8221;, d\u00e1ndole una c\u00e1lida bienvenida a la leyenda.<\/p>\n\n\n\n<p>En un momento especial, Ana Gabriel reconoci\u00f3 a un grupo de fans que hab\u00edan asistido a su concierto en C\u00f3rdoba el pasado 6 de mayo -la artista tuvo dos shows en la provincia- y se tom\u00f3 el tiempo de agradecerles el volver nuevamente y dese\u00e1ndoles una experiencia a\u00fan m\u00e1s memorable esta vez.&nbsp;<\/p>\n\n\n\n<p>Entre su interacci\u00f3n con su audiencia, la cantante mexicana brome\u00f3 al leer un cartel que dec\u00eda: &#8220;Vengo a celebrar los 50 a\u00f1os&#8221;, respondiendo con humor: &#8220;\u00bfLos tuyos o los m\u00edos? Porque los m\u00edos a\u00fan no los cumplo&#8221;.<\/p>\n\n\n\n<p>En una breve introducci\u00f3n a su show, Ana Gabriel reflexion\u00f3 sobre su carrera: &#8220;<strong>Este d\u00eda, este d\u00eda en especial, exactamente hace 50 a\u00f1os, hice mi primera grabaci\u00f3n, y han pasado muchas cosas desde entonces, terremotos y tsunamis\u201d<\/strong>, le dijo a los presentes. &#8220;A medida que voy cruzando esta gira, me doy cuenta de lo importante que es agradecer&#8221;, expres\u00f3 con emoci\u00f3n.<\/p>\n\n\n\n<p>Con una Arena llena<strong>, Ana Gabriel reconoci\u00f3 las decenas de banderas que cargaban sus fan\u00e1ticos y confes\u00f3: \u201cAgradezco estar Buenos Aires. Primero se resisti\u00f3, pero por muchos inmigrantes latinoamericanos es que yo pude entrar a la Argentina\u201d<\/strong>, luego nombr\u00f3 una por una las que logr\u00f3 distinguir desde arriba del escenario, desde Colombia hasta Ecuador. El p\u00fablico enloqueci\u00f3 cuando se nombr\u00f3 a Venezuela, a lo que la artista record\u00f3 una an\u00e9cdota en la cual dijo en un concierto\u00a0<strong>\u201cVenezuela no me quiere\u2026 me ama\u201d,\u00a0<\/strong>dijo antes de entonar un mix de sus canciones\u00a0<strong>\u201cTu y yo\u201d, \u201cAmor\u201d y \u201cNi un roce\u201d\u00a0<\/strong><\/p>\n\n\n\n<blockquote class=\"instagram-media\" data-instgrm-permalink=\"https:\/\/www.instagram.com\/reel\/C6xPrEWx55W\/?utm_source=ig_embed&amp;utm_campaign=loading\" data-instgrm-version=\"14\" style=\" background:#FFF; border:0; border-radius:3px; box-shadow:0 0 1px 0 rgba(0,0,0,0.5),0 1px 10px 0 rgba(0,0,0,0.15); margin: 1px; max-width:540px; min-width:326px; padding:0; width:99.375%; width:-webkit-calc(100% - 2px); width:calc(100% - 2px);\"><div style=\"padding:16px;\"> <a href=\"https:\/\/www.instagram.com\/reel\/C6xPrEWx55W\/?utm_source=ig_embed&amp;utm_campaign=loading\" style=\" background:#FFFFFF; line-height:0; padding:0 0; text-align:center; text-decoration:none; width:100%;\" target=\"_blank\" rel=\"noopener\"> <div style=\" display: flex; flex-direction: row; align-items: center;\"> <div style=\"background-color: #F4F4F4; border-radius: 50%; flex-grow: 0; height: 40px; margin-right: 14px; width: 40px;\"><\/div> <div style=\"display: flex; flex-direction: column; flex-grow: 1; justify-content: center;\"> <div style=\" background-color: #F4F4F4; border-radius: 4px; flex-grow: 0; height: 14px; margin-bottom: 6px; width: 100px;\"><\/div> <div style=\" background-color: #F4F4F4; border-radius: 4px; flex-grow: 0; height: 14px; width: 60px;\"><\/div><\/div><\/div><div style=\"padding: 19% 0;\"><\/div> <div style=\"display:block; height:50px; margin:0 auto 12px; width:50px;\"><svg width=\"50px\" height=\"50px\" viewBox=\"0 0 60 60\" version=\"1.1\" xmlns=\"https:\/\/www.w3.org\/2000\/svg\" xmlns:xlink=\"https:\/\/www.w3.org\/1999\/xlink\"><g stroke=\"none\" stroke-width=\"1\" fill=\"none\" fill-rule=\"evenodd\"><g transform=\"translate(-511.000000, -20.000000)\" fill=\"#000000\"><g><path d=\"M556.869,30.41 C554.814,30.41 553.148,32.076 553.148,34.131 C553.148,36.186 554.814,37.852 556.869,37.852 C558.924,37.852 560.59,36.186 560.59,34.131 C560.59,32.076 558.924,30.41 556.869,30.41 M541,60.657 C535.114,60.657 530.342,55.887 530.342,50 C530.342,44.114 535.114,39.342 541,39.342 C546.887,39.342 551.658,44.114 551.658,50 C551.658,55.887 546.887,60.657 541,60.657 M541,33.886 C532.1,33.886 524.886,41.1 524.886,50 C524.886,58.899 532.1,66.113 541,66.113 C549.9,66.113 557.115,58.899 557.115,50 C557.115,41.1 549.9,33.886 541,33.886 M565.378,62.101 C565.244,65.022 564.756,66.606 564.346,67.663 C563.803,69.06 563.154,70.057 562.106,71.106 C561.058,72.155 560.06,72.803 558.662,73.347 C557.607,73.757 556.021,74.244 553.102,74.378 C549.944,74.521 548.997,74.552 541,74.552 C533.003,74.552 532.056,74.521 528.898,74.378 C525.979,74.244 524.393,73.757 523.338,73.347 C521.94,72.803 520.942,72.155 519.894,71.106 C518.846,70.057 518.197,69.06 517.654,67.663 C517.244,66.606 516.755,65.022 516.623,62.101 C516.479,58.943 516.448,57.996 516.448,50 C516.448,42.003 516.479,41.056 516.623,37.899 C516.755,34.978 517.244,33.391 517.654,32.338 C518.197,30.938 518.846,29.942 519.894,28.894 C520.942,27.846 521.94,27.196 523.338,26.654 C524.393,26.244 525.979,25.756 528.898,25.623 C532.057,25.479 533.004,25.448 541,25.448 C548.997,25.448 549.943,25.479 553.102,25.623 C556.021,25.756 557.607,26.244 558.662,26.654 C560.06,27.196 561.058,27.846 562.106,28.894 C563.154,29.942 563.803,30.938 564.346,32.338 C564.756,33.391 565.244,34.978 565.378,37.899 C565.522,41.056 565.552,42.003 565.552,50 C565.552,57.996 565.522,58.943 565.378,62.101 M570.82,37.631 C570.674,34.438 570.167,32.258 569.425,30.349 C568.659,28.377 567.633,26.702 565.965,25.035 C564.297,23.368 562.623,22.342 560.652,21.575 C558.743,20.834 556.562,20.326 553.369,20.18 C550.169,20.033 549.148,20 541,20 C532.853,20 531.831,20.033 528.631,20.18 C525.438,20.326 523.257,20.834 521.349,21.575 C519.376,22.342 517.703,23.368 516.035,25.035 C514.368,26.702 513.342,28.377 512.574,30.349 C511.834,32.258 511.326,34.438 511.181,37.631 C511.035,40.831 511,41.851 511,50 C511,58.147 511.035,59.17 511.181,62.369 C511.326,65.562 511.834,67.743 512.574,69.651 C513.342,71.625 514.368,73.296 516.035,74.965 C517.703,76.634 519.376,77.658 521.349,78.425 C523.257,79.167 525.438,79.673 528.631,79.82 C531.831,79.965 532.853,80.001 541,80.001 C549.148,80.001 550.169,79.965 553.369,79.82 C556.562,79.673 558.743,79.167 560.652,78.425 C562.623,77.658 564.297,76.634 565.965,74.965 C567.633,73.296 568.659,71.625 569.425,69.651 C570.167,67.743 570.674,65.562 570.82,62.369 C570.966,59.17 571,58.147 571,50 C571,41.851 570.966,40.831 570.82,37.631\"><\/path><\/g><\/g><\/g><\/svg><\/div><div style=\"padding-top: 8px;\"> <div style=\" color:#3897f0; font-family:Arial,sans-serif; font-size:14px; font-style:normal; font-weight:550; line-height:18px;\">Ver esta publicaci\u00f3n en Instagram<\/div><\/div><div style=\"padding: 12.5% 0;\"><\/div> <div style=\"display: flex; flex-direction: row; margin-bottom: 14px; align-items: center;\"><div> <div style=\"background-color: #F4F4F4; border-radius: 50%; height: 12.5px; width: 12.5px; transform: translateX(0px) translateY(7px);\"><\/div> <div style=\"background-color: #F4F4F4; height: 12.5px; transform: rotate(-45deg) translateX(3px) translateY(1px); width: 12.5px; flex-grow: 0; margin-right: 14px; margin-left: 2px;\"><\/div> <div style=\"background-color: #F4F4F4; border-radius: 50%; height: 12.5px; width: 12.5px; transform: translateX(9px) translateY(-18px);\"><\/div><\/div><div style=\"margin-left: 8px;\"> <div style=\" background-color: #F4F4F4; border-radius: 50%; flex-grow: 0; height: 20px; width: 20px;\"><\/div> <div style=\" width: 0; height: 0; border-top: 2px solid transparent; border-left: 6px solid #f4f4f4; border-bottom: 2px solid transparent; transform: translateX(16px) translateY(-4px) rotate(30deg)\"><\/div><\/div><div style=\"margin-left: auto;\"> <div style=\" width: 0px; border-top: 8px solid #F4F4F4; border-right: 8px solid transparent; transform: translateY(16px);\"><\/div> <div style=\" background-color: #F4F4F4; flex-grow: 0; height: 12px; width: 16px; transform: translateY(-4px);\"><\/div> <div style=\" width: 0; height: 0; border-top: 8px solid #F4F4F4; border-left: 8px solid transparent; transform: translateY(-4px) translateX(8px);\"><\/div><\/div><\/div> <div style=\"display: flex; flex-direction: column; flex-grow: 1; justify-content: center; margin-bottom: 24px;\"> <div style=\" background-color: #F4F4F4; border-radius: 4px; flex-grow: 0; height: 14px; margin-bottom: 6px; width: 224px;\"><\/div> <div style=\" background-color: #F4F4F4; border-radius: 4px; flex-grow: 0; height: 14px; width: 144px;\"><\/div><\/div><\/a><p style=\" color:#c9c8cd; font-family:Arial,sans-serif; font-size:14px; line-height:17px; margin-bottom:0; margin-top:8px; overflow:hidden; padding:8px 0 7px; text-align:center; text-overflow:ellipsis; white-space:nowrap;\"><a href=\"https:\/\/www.instagram.com\/reel\/C6xPrEWx55W\/?utm_source=ig_embed&amp;utm_campaign=loading\" style=\" color:#c9c8cd; font-family:Arial,sans-serif; font-size:14px; font-style:normal; font-weight:normal; line-height:17px; text-decoration:none;\" target=\"_blank\" rel=\"noopener\">Una publicaci\u00f3n compartida de @anagabrieloficial<\/a><\/p><\/div><\/blockquote> <script async src=\"\/\/www.instagram.com\/embed.js\"><\/script>\n\n\n\n<p>Antes de seguir con el show,<strong>&nbsp;<\/strong>la sinaloense le pregunt\u00f3 a las primeras filas cuando se festeja el D\u00eda de la Madre: \u201cPorque donde se festeja, yo festejo la m\u00eda. Con el permiso de ustedes,&nbsp;<strong>yo le voy a dedicar esta canci\u00f3n a mi madre\u201d<\/strong>, presentaba su siguiente canci\u00f3n \u201c<em>Y aqu\u00ed estoy yo\u201d.&nbsp;<\/em>En una emocionante introducci\u00f3n, invit\u00f3 a su audiencia a festejar a sus madres:<em>&nbsp;\u201c<\/em>Con el solo hecho de saber que la tienen, yo solo puedo decir cu\u00eddenlas, \u00e1menlas, no se olviden de decir lo que sienten por ellas y el agradecimiento por haberles dado la vida. Yo no me quede con nada en m\u00ed para pod\u00e9rselo expresar\u201d, continu\u00f3. \u201cSi me preguntaran qu\u00e9 quisiera, un solo d\u00eda o instante para volverle a decir cuanto la amo y que la sigo amando cada d\u00eda m\u00e1s\u201d, finaliz\u00f3 dejando a sus seguidoras con l\u00e1grimas en sus ojos.&nbsp;<\/p>\n\n\n\n<p>Tras cantar numerosos hits, la artista se tom\u00f3 un tiempo para agradecer a su equipo de producci\u00f3n y dar un mensaje sobre lo que significa estar all\u00ed parada: \u201cAc\u00e1 venimos todos con la intenci\u00f3n de dejarlos felices\u201d.&nbsp;<strong>\u201cNo s\u00e9 si tendr\u00e9 la oportunidad de volver<\/strong>, pero si quiero decir que&nbsp;<strong>esta no es la gira de despedida como vienen diciendo\u201d,&nbsp;<\/strong>aclar\u00f3. La artista brome\u00f3 con la idea de que por su edad ya \u201cla vienen retirando\u201d hace veinte a\u00f1os: \u201cDicen que ya no me muevo,&nbsp;<strong>pero es que no pueden ver como me muevo en otros \u00e1mbitos<\/strong>\u2026 Ah\u00ed no saben como me muevo\u201d, contesto insinuadamente.&nbsp;<\/p>\n\n\n\n<p>Ana Gabriel trae una propuesta de su tierra natal mexicana a todos los pa\u00edses que visita. Con un gran despliegue de mariachis a su fondo, guitarras y tambores, la artista logr\u00f3 una conexi\u00f3n con el p\u00fablico porte\u00f1o que no dudo en bailar y cantar a todo pulm\u00f3n las canciones que recorren la trayectoria de la cantante.&nbsp;<\/p>\n\n\n\n<p>En un emotivo momento, la mexicana se tom\u00f3 unos minutos para recordar a su gran amigo, el artista Juan Gabriel: \u201cYo he tenido el gusto de interpretar muchas de sus canciones, pero est\u00e1 en especial es una versi\u00f3n diferente\u201d, adem\u00e1s agradeci\u00f3 a sus guitarristas que la acompa\u00f1an hace a\u00f1os. Junto a su banda, Ana Gabriel sirvi\u00f3 un homenaje al legendario cantante con una reversi\u00f3n de&nbsp;<em>\u201cHasta que te conoc\u00ed\u201d.<\/em><\/p>\n\n\n\n<p>As\u00ed fue como la sinaloense dio comienzo al segundo bloque de canciones<strong>&nbsp;\u201cpara dedicar, llorar, maldecir y bailar\u201d.<\/strong>&nbsp;Con sus hits m\u00e1s memorables, la artista ti\u00f1o de colores el Movistar Arena y demostr\u00f3 porque lleva tantos a\u00f1os en la industria. Su voz distinguida llenaba cada lugar del recinto y, a pesar de considerarse una mala bailarina, sus pasos de baile acompa\u00f1aban a su efervescente p\u00fablico.&nbsp;<\/p>\n\n\n\n<p>Una de esas canciones fue\u00a0<em>\u201cDemasiado tarde\u201d\u00a0<\/em>y le cont\u00f3 que ella normalmente no suele cantar esta canci\u00f3n, sino que la canta su fiel audiencia, quien le demostr\u00f3 estar a la altura del desaf\u00edo.\u00a0<\/p>\n\n\n\n<p><em><strong>\u201cSimplemente amigos\u201d<\/strong><\/em>\u00a0fue el tema elegido para despedir su tour\u00a0<em>50 aniversario, Un Deseo M\u00e1s<\/em>\u00a0dejando al p\u00fablico porte\u00f1o con ganas de m\u00e1s. La artista no dud\u00f3 en volver a agradecer por la c\u00e1lida bienvenida y el gran operativo producido para el show, desde quienes trabajan en el recinto hasta los polic\u00edas que ayudaban en las calles &#8211;<strong>en un contexto de paro nacional<\/strong>-. En un abrazo a Latinoam\u00e9rica, Ana Gabriel hablo de la importancia que conlleva representar el espa\u00f1ol y llevar las banderas de todo los pa\u00edses que visita.<\/p>\n","protected":false},"excerpt":{"rendered":"<p>La cantante deslumbr\u00f3 en un show que recorre sus 50 a\u00f1os de trayectoria en la m\u00fasica. El Movistar Arena se convirti\u00f3 en una fiesta cuando Ana Gabriel, la ic\u00f3nica cantante&hellip; <\/p>\n","protected":false},"author":4,"featured_media":146542,"comment_status":"closed","ping_status":"open","sticky":false,"template":"","format":"standard","meta":{"footnotes":""},"categories":[19],"tags":[],"class_list":["post-146540","post","type-post","status-publish","format-standard","has-post-thumbnail","hentry","category-espectaculos"],"_links":{"self":[{"href":"https:\/\/corrientesdetarde.com\/index.php\/wp-json\/wp\/v2\/posts\/146540","targetHints":{"allow":["GET"]}}],"collection":[{"href":"https:\/\/corrientesdetarde.com\/index.php\/wp-json\/wp\/v2\/posts"}],"about":[{"href":"https:\/\/corrientesdetarde.com\/index.php\/wp-json\/wp\/v2\/types\/post"}],"author":[{"embeddable":true,"href":"https:\/\/corrientesdetarde.com\/index.php\/wp-json\/wp\/v2\/users\/4"}],"replies":[{"embeddable":true,"href":"https:\/\/corrientesdetarde.com\/index.php\/wp-json\/wp\/v2\/comments?post=146540"}],"version-history":[{"count":1,"href":"https:\/\/corrientesdetarde.com\/index.php\/wp-json\/wp\/v2\/posts\/146540\/revisions"}],"predecessor-version":[{"id":146543,"href":"https:\/\/corrientesdetarde.com\/index.php\/wp-json\/wp\/v2\/posts\/146540\/revisions\/146543"}],"wp:featuredmedia":[{"embeddable":true,"href":"https:\/\/corrientesdetarde.com\/index.php\/wp-json\/wp\/v2\/media\/146542"}],"wp:attachment":[{"href":"https:\/\/corrientesdetarde.com\/index.php\/wp-json\/wp\/v2\/media?parent=146540"}],"wp:term":[{"taxonomy":"category","embeddable":true,"href":"https:\/\/corrientesdetarde.com\/index.php\/wp-json\/wp\/v2\/categories?post=146540"},{"taxonomy":"post_tag","embeddable":true,"href":"https:\/\/corrientesdetarde.com\/index.php\/wp-json\/wp\/v2\/tags?post=146540"}],"curies":[{"name":"wp","href":"https:\/\/api.w.org\/{rel}","templated":true}]}}