{"id":146547,"date":"2024-05-11T00:12:33","date_gmt":"2024-05-11T03:12:33","guid":{"rendered":"https:\/\/corrientesdetarde.com\/?p=146547"},"modified":"2024-05-11T00:12:37","modified_gmt":"2024-05-11T03:12:37","slug":"el-gobernador-entrego-vehiculos-para-vialidad-y-anuncio-la-segunda-planta-de-asfalto-de-la-provincia","status":"publish","type":"post","link":"https:\/\/corrientesdetarde.com\/index.php\/locales\/el-gobernador-entrego-vehiculos-para-vialidad-y-anuncio-la-segunda-planta-de-asfalto-de-la-provincia\/","title":{"rendered":"El Gobernador entreg\u00f3 veh\u00edculos para Vialidad y anunci\u00f3 la segunda planta de asfalto de la Provincia"},"content":{"rendered":"\n<p><strong>El gobernador, Gustavo Vald\u00e9s, este viernes por la ma\u00f1ana en la Direcci\u00f3n Provincial de Vialidad (DPV), hizo entrega de 10 veh\u00edculos para dicha instituci\u00f3n en funci\u00f3n de la fiscalizaci\u00f3n de los caminos. Adem\u00e1s, el Mandatario anunci\u00f3 que se crear\u00e1 la segunda planta de asfalto de la Provincia que estar\u00e1 ubicada en Santo Tom\u00e9, y al respecto declar\u00f3 que \u201ces una gran inversi\u00f3n, con recursos del estado provincial y son acciones para seguir poniendo de pie y agrandando a la familia de la DPV, que hacen un trabajo maravilloso\u201d.<\/strong><\/p>\n\n\n\n<figure class=\"wp-block-image size-large\"><img loading=\"lazy\" decoding=\"async\" width=\"1024\" height=\"675\" src=\"https:\/\/corrientesdetarde.com\/wp-content\/uploads\/2024\/05\/image-184-1024x675.png\" alt=\"\" class=\"wp-image-146548\" srcset=\"https:\/\/corrientesdetarde.com\/wp-content\/uploads\/2024\/05\/image-184-1024x675.png 1024w, https:\/\/corrientesdetarde.com\/wp-content\/uploads\/2024\/05\/image-184-300x198.png 300w, https:\/\/corrientesdetarde.com\/wp-content\/uploads\/2024\/05\/image-184-768x507.png 768w, https:\/\/corrientesdetarde.com\/wp-content\/uploads\/2024\/05\/image-184.png 1363w\" sizes=\"auto, (max-width: 1024px) 100vw, 1024px\" \/><\/figure>\n\n\n\n<p><strong>&nbsp;\u201cCuando intentamos recuperar Vialidad para hacer obras nos dec\u00edan que no era posible, que era un organismo pasado de moda, en desuso\u201d, dijo inicialmente el gobernador Gustavo Vald\u00e9s, enfatizando que fue necesario \u201crecuperar la fuerza del estado y hacer nosotros mismos las cosas\u201d.<\/strong><\/p>\n\n\n\n<p><strong>En este horizonte, el mandatario se\u00f1al\u00f3 que al organismo \u201cle imprimimos una nueva mec\u00e1nica, comenzamos a comprar maquinarias y la primera experiencia fuerte se dio la planta de asfalto\u201d, que fue, seg\u00fan sus palabras una de las \u201cmayores satisfacciones que tiene el estado provincial\u201d, con un trabajo que abarca tanto a la Capital como al interior.<\/strong><\/p>\n\n\n\n<p><strong>Segunda planta de asfalto de la Provincia<\/strong><\/p>\n\n\n\n<p><strong>Al proseguir con su alocuci\u00f3n, Vald\u00e9s hizo un importante anuncio, en estos t\u00e9rminos: \u201cEn poco tiempo m\u00e1s vamos a adquirir la segunda planta de asfalto de la Provincia, que va estar instalada en Santo Tom\u00e9\u201d a lo que acot\u00f3: \u201cVa a ser una planta m\u00f3vil, donde vamos a poder rotar y llegar a otros puntos del interior\u201d, precisando que la semana que viene, junto a otros funcionarios estar\u00e1n en dicha localidad para avanzar al respecto.<\/strong><\/p>\n\n\n\n<p><strong>\u201cEs una gran inversi\u00f3n, con recursos del estado provincial y son acciones para seguir poniendo de pie y agrandando a la familia de Vialidad Provincial, que hacen un trabajo maravilloso\u201d, indic\u00f3 el gobernador, que luego asegur\u00f3 que \u201cvamos a seguir comprando equipamiento para cada una de las unidades del organismo, tanto para las delegaciones como los campamentos en el interior\u201d y se\u00f1al\u00f3 que las unidades entregadas hoy, servir\u00e1n, entre otras cosas para la movilidad de los inspectores en el interior.<\/strong><\/p>\n\n\n\n<p><strong>En otro orden, el titular del ejecutivo provincial se refiri\u00f3 a los consorcios camineros, manifestando que es importante que tengan una adecuada fiscalizaci\u00f3n y las inversiones para darles un dinamismo y que los caminos para circular est\u00e9n en condiciones.<\/strong><\/p>\n\n\n\n<p><strong>Sobre esto, opin\u00f3 que \u201chay algunos consorcios que no funcionan como corresponden\u201d y afirm\u00f3 que \u201ctenemos darle una vuelta de rosca desde el estado provincial con la capacidad de trabajo de Vialidad Provincial, para ir recuperando esa potestad, con una sana vocaci\u00f3n de trabajo\u201d.<\/strong><\/p>\n\n\n\n<p><strong>Concluyendo, Vald\u00e9s reafirm\u00f3 el compromiso de seguir \u201cfortaleciendo a Vialidad Provincial\u201d y agradeci\u00f3 y felicit\u00f3 a todo el personal del organismo.<\/strong><\/p>\n\n\n\n<p><strong>Ministro Polich<\/strong><\/p>\n\n\n\n<p><strong>El ministro de Obras P\u00fablicas, Claudio Polich indic\u00f3 que los nuevos veh\u00edculos se usar\u00e1n \u201cpara poder fiscalizar los trabajos que se realizan\u201d.<\/strong><\/p>\n\n\n\n<p><strong>Presidente de Vialidad<\/strong><\/p>\n\n\n\n<p><strong>Por su parte, el titular de Vialidad, Luis Cardoso agreg\u00f3 que \u201chab\u00eda lugares alejados a los cuales no pod\u00edamos acceder\u201d y que a partir del pr\u00f3ximo lunes \u201cvamos a estar en toda la provincia con nuestros ingenieros y agrimensores\u201d.<\/strong><\/p>\n\n\n\n<p><strong>\u201cLa mejor forma de cuidar los caminos empieza por no romperlos\u201d, declar\u00f3 el ministro sobre la gesti\u00f3n de \u00e9stos, se\u00f1alando que se debe tomar conciencia en su cuidado, sobre todo aquellos de ripio o de tierra.<\/strong><\/p>\n\n\n\n<p><strong>Detalles de los m\u00f3viles y entrega de documentaci\u00f3n<\/strong><\/p>\n\n\n\n<p><strong>El total de veh\u00edculos que se entregan en el d\u00eda de la fecha son 10 marcas Ford Ranger 0 km doble cabina, Pick-Up, 6 de tracci\u00f3n 4&#215;2 versi\u00f3n XL 2.0, 3 tracci\u00f3n 4&#215;4 versi\u00f3n XL y una de tracci\u00f3n 4&#215;4 en su versi\u00f3n LTD 2.0. Seguidamente, se hizo entrega de las documentaciones correspondientes al presidente de Vialidad,&nbsp;<\/strong>Luis Pablo Cardozo<strong>.<\/strong><\/p>\n\n\n\n<p><strong>Presencias<\/strong><\/p>\n\n\n\n<p>Asistieron al acto, junto con el gobernador Gustavo Vald\u00e9s; el intendente de Corrientes, Eduardo Tassano; el vicepresidente primero del Senado, Henry Fick, el ministro de Obras P\u00fablicas, Claudio Polich; ministros del Ejecutivo Provincial, presidente de Vialidad Provincial, Luis Pablo Cardozo; secretarios y subsecretarios del gabinete provincial, legisladores nacionales y provinciales; personal de Vialidad Provincial; dem\u00e1s autoridades, vecinos, e invitados especiales.<\/p>\n","protected":false},"excerpt":{"rendered":"<p>El gobernador, Gustavo Vald\u00e9s, este viernes por la ma\u00f1ana en la Direcci\u00f3n Provincial de Vialidad (DPV), hizo entrega de 10 veh\u00edculos para dicha instituci\u00f3n en funci\u00f3n de la fiscalizaci\u00f3n de&hellip; <\/p>\n","protected":false},"author":4,"featured_media":146549,"comment_status":"closed","ping_status":"open","sticky":false,"template":"","format":"standard","meta":{"footnotes":""},"categories":[8],"tags":[],"class_list":["post-146547","post","type-post","status-publish","format-standard","has-post-thumbnail","hentry","category-locales"],"_links":{"self":[{"href":"https:\/\/corrientesdetarde.com\/index.php\/wp-json\/wp\/v2\/posts\/146547","targetHints":{"allow":["GET"]}}],"collection":[{"href":"https:\/\/corrientesdetarde.com\/index.php\/wp-json\/wp\/v2\/posts"}],"about":[{"href":"https:\/\/corrientesdetarde.com\/index.php\/wp-json\/wp\/v2\/types\/post"}],"author":[{"embeddable":true,"href":"https:\/\/corrientesdetarde.com\/index.php\/wp-json\/wp\/v2\/users\/4"}],"replies":[{"embeddable":true,"href":"https:\/\/corrientesdetarde.com\/index.php\/wp-json\/wp\/v2\/comments?post=146547"}],"version-history":[{"count":1,"href":"https:\/\/corrientesdetarde.com\/index.php\/wp-json\/wp\/v2\/posts\/146547\/revisions"}],"predecessor-version":[{"id":146550,"href":"https:\/\/corrientesdetarde.com\/index.php\/wp-json\/wp\/v2\/posts\/146547\/revisions\/146550"}],"wp:featuredmedia":[{"embeddable":true,"href":"https:\/\/corrientesdetarde.com\/index.php\/wp-json\/wp\/v2\/media\/146549"}],"wp:attachment":[{"href":"https:\/\/corrientesdetarde.com\/index.php\/wp-json\/wp\/v2\/media?parent=146547"}],"wp:term":[{"taxonomy":"category","embeddable":true,"href":"https:\/\/corrientesdetarde.com\/index.php\/wp-json\/wp\/v2\/categories?post=146547"},{"taxonomy":"post_tag","embeddable":true,"href":"https:\/\/corrientesdetarde.com\/index.php\/wp-json\/wp\/v2\/tags?post=146547"}],"curies":[{"name":"wp","href":"https:\/\/api.w.org\/{rel}","templated":true}]}}