{"id":146551,"date":"2024-05-11T00:24:55","date_gmt":"2024-05-11T03:24:55","guid":{"rendered":"https:\/\/corrientesdetarde.com\/?p=146551"},"modified":"2024-05-11T00:25:07","modified_gmt":"2024-05-11T03:25:07","slug":"desarrollo-social-realizo-el-segundo-taller-de-tejido-de-dos-agujas","status":"publish","type":"post","link":"https:\/\/corrientesdetarde.com\/index.php\/sociales\/desarrollo-social-realizo-el-segundo-taller-de-tejido-de-dos-agujas\/","title":{"rendered":"Desarrollo Social realiz\u00f3 el segundo taller de Tejido de Dos Agujas"},"content":{"rendered":"\n<p>Considerando a la capacitaci\u00f3n como basti\u00f3n para el crecimiento y desarrollo, el Ministerio de Desarrollo Social de la provincia llev\u00f3 a cabo este jueves 9 a trav\u00e9s de la Subsecretar\u00eda de Desarrollo Humano e Igualdad el Segundo Taller de Tejido de Dos Agujas.<\/p>\n\n\n\n<p>El mismo se llev\u00f3 a cabo en el Barrio Santa Catalina a partir de las 16:30, se cont\u00f3 con el acompa\u00f1amiento de la Subsecretaria de Desarrollo Humano e Igualdad,\u00a0Gabriela Castro. El taller es dictado por la profesora Bogavin Garc\u00eda Isabel .<\/p>\n\n\n\n<figure class=\"wp-block-image size-large\"><img loading=\"lazy\" decoding=\"async\" width=\"1024\" height=\"451\" src=\"https:\/\/corrientesdetarde.com\/wp-content\/uploads\/2024\/05\/Captura-de-pantalla-2024-05-11-002343-1024x451.png\" alt=\"\" class=\"wp-image-146552\" srcset=\"https:\/\/corrientesdetarde.com\/wp-content\/uploads\/2024\/05\/Captura-de-pantalla-2024-05-11-002343-1024x451.png 1024w, https:\/\/corrientesdetarde.com\/wp-content\/uploads\/2024\/05\/Captura-de-pantalla-2024-05-11-002343-300x132.png 300w, https:\/\/corrientesdetarde.com\/wp-content\/uploads\/2024\/05\/Captura-de-pantalla-2024-05-11-002343-768x338.png 768w, https:\/\/corrientesdetarde.com\/wp-content\/uploads\/2024\/05\/Captura-de-pantalla-2024-05-11-002343.png 1269w\" sizes=\"auto, (max-width: 1024px) 100vw, 1024px\" \/><\/figure>\n","protected":false},"excerpt":{"rendered":"<p>Considerando a la capacitaci\u00f3n como basti\u00f3n para el crecimiento y desarrollo, el Ministerio de Desarrollo Social de la provincia llev\u00f3 a cabo este jueves 9 a trav\u00e9s de la Subsecretar\u00eda&hellip; <\/p>\n","protected":false},"author":4,"featured_media":146553,"comment_status":"closed","ping_status":"open","sticky":false,"template":"","format":"standard","meta":{"footnotes":""},"categories":[17],"tags":[],"class_list":["post-146551","post","type-post","status-publish","format-standard","has-post-thumbnail","hentry","category-sociales"],"_links":{"self":[{"href":"https:\/\/corrientesdetarde.com\/index.php\/wp-json\/wp\/v2\/posts\/146551","targetHints":{"allow":["GET"]}}],"collection":[{"href":"https:\/\/corrientesdetarde.com\/index.php\/wp-json\/wp\/v2\/posts"}],"about":[{"href":"https:\/\/corrientesdetarde.com\/index.php\/wp-json\/wp\/v2\/types\/post"}],"author":[{"embeddable":true,"href":"https:\/\/corrientesdetarde.com\/index.php\/wp-json\/wp\/v2\/users\/4"}],"replies":[{"embeddable":true,"href":"https:\/\/corrientesdetarde.com\/index.php\/wp-json\/wp\/v2\/comments?post=146551"}],"version-history":[{"count":1,"href":"https:\/\/corrientesdetarde.com\/index.php\/wp-json\/wp\/v2\/posts\/146551\/revisions"}],"predecessor-version":[{"id":146555,"href":"https:\/\/corrientesdetarde.com\/index.php\/wp-json\/wp\/v2\/posts\/146551\/revisions\/146555"}],"wp:featuredmedia":[{"embeddable":true,"href":"https:\/\/corrientesdetarde.com\/index.php\/wp-json\/wp\/v2\/media\/146553"}],"wp:attachment":[{"href":"https:\/\/corrientesdetarde.com\/index.php\/wp-json\/wp\/v2\/media?parent=146551"}],"wp:term":[{"taxonomy":"category","embeddable":true,"href":"https:\/\/corrientesdetarde.com\/index.php\/wp-json\/wp\/v2\/categories?post=146551"},{"taxonomy":"post_tag","embeddable":true,"href":"https:\/\/corrientesdetarde.com\/index.php\/wp-json\/wp\/v2\/tags?post=146551"}],"curies":[{"name":"wp","href":"https:\/\/api.w.org\/{rel}","templated":true}]}}