{"id":146554,"date":"2024-05-11T00:27:10","date_gmt":"2024-05-11T03:27:10","guid":{"rendered":"https:\/\/corrientesdetarde.com\/?p=146554"},"modified":"2024-05-11T00:27:22","modified_gmt":"2024-05-11T03:27:22","slug":"tassano-la-cancion-patria-es-simbolo-de-unidad","status":"publish","type":"post","link":"https:\/\/corrientesdetarde.com\/index.php\/cultura\/tassano-la-cancion-patria-es-simbolo-de-unidad\/","title":{"rendered":"Tassano: \u201cLa canci\u00f3n patria es s\u00edmbolo de unidad\u201d"},"content":{"rendered":"\n<p><em>\u201cEl Himno es s\u00edmbolo de unidad: juntos debemos trabajar por nuestro bendito pa\u00eds\u201d, exhort\u00f3 el intendente en su mensaje pronunciado durante el encuentro llevado a cabo en plaza Vera. Participaron estudiantes de distintas escuelas de la ciudad y la Banda de M\u00fasica del Ej\u00e9rcito.<\/em><\/p>\n\n\n\n<figure class=\"wp-block-embed is-type-video is-provider-youtube wp-block-embed-youtube wp-embed-aspect-16-9 wp-has-aspect-ratio\"><div class=\"wp-block-embed__wrapper\">\n<iframe loading=\"lazy\" title=\"Mes patrio en la ciudad: Tassano encabez\u00f3 un acto por el D\u00eda del Himno\" width=\"1110\" height=\"624\" src=\"https:\/\/www.youtube.com\/embed\/I7bpzmrGLeg?feature=oembed\" frameborder=\"0\" allow=\"accelerometer; autoplay; clipboard-write; encrypted-media; gyroscope; picture-in-picture; web-share\" referrerpolicy=\"strict-origin-when-cross-origin\" allowfullscreen><\/iframe>\n<\/div><\/figure>\n\n\n\n<p>En v\u00edspera del D\u00eda del Himno Nacional, que se conmemora este s\u00e1bado 11 de mayo, la Municipalidad de la ciudad de Corrientes llev\u00f3 a cabo en la ma\u00f1ana del viernes un acto en la plaza Vera.<br>El encuentro estuvo encabezado por el intendente Eduardo Tassano y cont\u00f3 con la participaci\u00f3n de la Banda de M\u00fasica del Ej\u00e9rcito argentino y de estudiantes secundarios y de jardineritos integrantes de los Centros de Desarrollo Infantil (CDI), los cuales funcionan bajo la \u00f3rbita municipal.<br>Acompa\u00f1aron a Tassano el viceintendente, Emilio Lanari, funcionarios municipales, legisladores provinciales y nacionales, integrantes de distintas fuerzas de seguridad con asiento en la ciudad y de la Polic\u00eda de Corrientes y el Servicio Penitenciario provincial, adem\u00e1s de invitados especiales y vecinos en general.<br>Tras entonarse las estrofas del Himno, en la zona de la p\u00e9rgola -sobre la peatonal Jun\u00edn-, el intendente hizo uso de la palabra y destac\u00f3 que \u201cla canci\u00f3n patria es s\u00edmbolo de unidad: juntos debemos trabajar por nuestro bendito pa\u00eds\u201d.<br>Adem\u00e1s, valor\u00f3 que \u201cel Himno es parte de la construcci\u00f3n de este camino de crecimiento de nuestro pa\u00eds, y aunque hoy a\u00fan faltan cosas para llegar a lo que todos anhelamos, sin dudas vamos a lograrlo\u201d, confi\u00f3 Tassano. \u201cY lo lograremos, como hoy estamos todos ac\u00e1, en unidad como comunidad\u201d, concluy\u00f3.<\/p>\n\n\n\n<figure class=\"wp-block-image size-large\"><img loading=\"lazy\" decoding=\"async\" width=\"1024\" height=\"681\" src=\"https:\/\/corrientesdetarde.com\/wp-content\/uploads\/2024\/05\/image-185-1024x681.png\" alt=\"\" class=\"wp-image-146556\" srcset=\"https:\/\/corrientesdetarde.com\/wp-content\/uploads\/2024\/05\/image-185-1024x681.png 1024w, https:\/\/corrientesdetarde.com\/wp-content\/uploads\/2024\/05\/image-185-300x200.png 300w, https:\/\/corrientesdetarde.com\/wp-content\/uploads\/2024\/05\/image-185-768x511.png 768w, https:\/\/corrientesdetarde.com\/wp-content\/uploads\/2024\/05\/image-185.png 1254w\" sizes=\"auto, (max-width: 1024px) 100vw, 1024px\" \/><\/figure>\n\n\n\n<figure class=\"wp-block-image size-large\"><img loading=\"lazy\" decoding=\"async\" width=\"1024\" height=\"679\" src=\"https:\/\/corrientesdetarde.com\/wp-content\/uploads\/2024\/05\/image-186-1024x679.png\" alt=\"\" class=\"wp-image-146557\" srcset=\"https:\/\/corrientesdetarde.com\/wp-content\/uploads\/2024\/05\/image-186-1024x679.png 1024w, https:\/\/corrientesdetarde.com\/wp-content\/uploads\/2024\/05\/image-186-300x199.png 300w, https:\/\/corrientesdetarde.com\/wp-content\/uploads\/2024\/05\/image-186-768x510.png 768w, https:\/\/corrientesdetarde.com\/wp-content\/uploads\/2024\/05\/image-186.png 1263w\" sizes=\"auto, (max-width: 1024px) 100vw, 1024px\" \/><\/figure>\n\n\n\n<figure class=\"wp-block-image size-large\"><img loading=\"lazy\" decoding=\"async\" width=\"1024\" height=\"679\" src=\"https:\/\/corrientesdetarde.com\/wp-content\/uploads\/2024\/05\/image-187-1024x679.png\" alt=\"\" class=\"wp-image-146558\" srcset=\"https:\/\/corrientesdetarde.com\/wp-content\/uploads\/2024\/05\/image-187-1024x679.png 1024w, https:\/\/corrientesdetarde.com\/wp-content\/uploads\/2024\/05\/image-187-300x199.png 300w, https:\/\/corrientesdetarde.com\/wp-content\/uploads\/2024\/05\/image-187-768x509.png 768w, https:\/\/corrientesdetarde.com\/wp-content\/uploads\/2024\/05\/image-187.png 1265w\" sizes=\"auto, (max-width: 1024px) 100vw, 1024px\" \/><\/figure>\n\n\n\n<figure class=\"wp-block-image size-large\"><img loading=\"lazy\" decoding=\"async\" width=\"1024\" height=\"708\" src=\"https:\/\/corrientesdetarde.com\/wp-content\/uploads\/2024\/05\/image-188-1024x708.png\" alt=\"\" class=\"wp-image-146559\" srcset=\"https:\/\/corrientesdetarde.com\/wp-content\/uploads\/2024\/05\/image-188-1024x708.png 1024w, https:\/\/corrientesdetarde.com\/wp-content\/uploads\/2024\/05\/image-188-300x207.png 300w, https:\/\/corrientesdetarde.com\/wp-content\/uploads\/2024\/05\/image-188-768x531.png 768w, https:\/\/corrientesdetarde.com\/wp-content\/uploads\/2024\/05\/image-188.png 1205w\" sizes=\"auto, (max-width: 1024px) 100vw, 1024px\" \/><\/figure>\n\n\n\n<figure class=\"wp-block-image size-large\"><img loading=\"lazy\" decoding=\"async\" width=\"1024\" height=\"676\" src=\"https:\/\/corrientesdetarde.com\/wp-content\/uploads\/2024\/05\/image-189-1024x676.png\" alt=\"\" class=\"wp-image-146560\" srcset=\"https:\/\/corrientesdetarde.com\/wp-content\/uploads\/2024\/05\/image-189-1024x676.png 1024w, https:\/\/corrientesdetarde.com\/wp-content\/uploads\/2024\/05\/image-189-300x198.png 300w, https:\/\/corrientesdetarde.com\/wp-content\/uploads\/2024\/05\/image-189-768x507.png 768w, https:\/\/corrientesdetarde.com\/wp-content\/uploads\/2024\/05\/image-189.png 1264w\" sizes=\"auto, (max-width: 1024px) 100vw, 1024px\" \/><\/figure>\n","protected":false},"excerpt":{"rendered":"<p>\u201cEl Himno es s\u00edmbolo de unidad: juntos debemos trabajar por nuestro bendito pa\u00eds\u201d, exhort\u00f3 el intendente en su mensaje pronunciado durante el encuentro llevado a cabo en plaza Vera. Participaron&hellip; <\/p>\n","protected":false},"author":4,"featured_media":146556,"comment_status":"closed","ping_status":"open","sticky":false,"template":"","format":"standard","meta":{"footnotes":""},"categories":[23,15],"tags":[],"class_list":["post-146554","post","type-post","status-publish","format-standard","has-post-thumbnail","hentry","category-actualidad","category-cultura"],"_links":{"self":[{"href":"https:\/\/corrientesdetarde.com\/index.php\/wp-json\/wp\/v2\/posts\/146554","targetHints":{"allow":["GET"]}}],"collection":[{"href":"https:\/\/corrientesdetarde.com\/index.php\/wp-json\/wp\/v2\/posts"}],"about":[{"href":"https:\/\/corrientesdetarde.com\/index.php\/wp-json\/wp\/v2\/types\/post"}],"author":[{"embeddable":true,"href":"https:\/\/corrientesdetarde.com\/index.php\/wp-json\/wp\/v2\/users\/4"}],"replies":[{"embeddable":true,"href":"https:\/\/corrientesdetarde.com\/index.php\/wp-json\/wp\/v2\/comments?post=146554"}],"version-history":[{"count":1,"href":"https:\/\/corrientesdetarde.com\/index.php\/wp-json\/wp\/v2\/posts\/146554\/revisions"}],"predecessor-version":[{"id":146561,"href":"https:\/\/corrientesdetarde.com\/index.php\/wp-json\/wp\/v2\/posts\/146554\/revisions\/146561"}],"wp:featuredmedia":[{"embeddable":true,"href":"https:\/\/corrientesdetarde.com\/index.php\/wp-json\/wp\/v2\/media\/146556"}],"wp:attachment":[{"href":"https:\/\/corrientesdetarde.com\/index.php\/wp-json\/wp\/v2\/media?parent=146554"}],"wp:term":[{"taxonomy":"category","embeddable":true,"href":"https:\/\/corrientesdetarde.com\/index.php\/wp-json\/wp\/v2\/categories?post=146554"},{"taxonomy":"post_tag","embeddable":true,"href":"https:\/\/corrientesdetarde.com\/index.php\/wp-json\/wp\/v2\/tags?post=146554"}],"curies":[{"name":"wp","href":"https:\/\/api.w.org\/{rel}","templated":true}]}}