{"id":14656,"date":"2022-10-26T11:32:25","date_gmt":"2022-10-26T14:32:25","guid":{"rendered":"https:\/\/corrientesdetarde.com\/?p=14656"},"modified":"2022-10-26T11:32:28","modified_gmt":"2022-10-26T14:32:28","slug":"corrientes-no-registro-casos-nuevos-de-coronavirus-11","status":"publish","type":"post","link":"https:\/\/corrientesdetarde.com\/index.php\/informacion-general\/corrientes-no-registro-casos-nuevos-de-coronavirus-11\/","title":{"rendered":"Corrientes no registr\u00f3 casos nuevos de Coronavirus"},"content":{"rendered":"\n<p>El informe epidemiol\u00f3gico de la provincia de Corrientes de este mi\u00e9rcoles, indic\u00f3 que no se registraron nuevos casos positivos de Coronavirus, al haberse analizado 401 muestras en las \u00faltimas 24 horas.<\/p>\n\n\n\n<p>Esto mantiene la cifra de casos activos en 0 y los acumulados en 196.466 en todo el territorio provincial al 26 de octubre de 2022, con 2.021.674 testeos realizados desde que inici\u00f3 la pandemia y 194.525 recuperados.<\/p>\n\n\n\n<p>Mientras que son 2.132 los fallecidos acumulados. Adem\u00e1s, no hay pacientes internados en el Hospital de Campa\u00f1a, estando ocupado el 0% de los respiradores. Y una persona obtuvo el alta m\u00e9dica.<\/p>\n\n\n\n<p><strong>Hospital de Campa\u00f1a<\/strong><\/p>\n\n\n\n<p>El Ministerio de Salud P\u00fablica inform\u00f3 el parte m\u00e9dico del Hospital de Campa\u00f1a \u201cEscuela Hogar\u201d, dando cuenta de la recuperaci\u00f3n de 1 paciente que recibi\u00f3 el alta m\u00e9dica.<\/p>\n\n\n\n<p>Se realizaron 39 atenciones en guardia, acumul\u00e1ndose 48.032.<\/p>\n\n\n\n<figure class=\"wp-block-image size-full\"><img loading=\"lazy\" decoding=\"async\" width=\"837\" height=\"953\" src=\"https:\/\/corrientesdetarde.com\/wp-content\/uploads\/2022\/10\/Captura-de-pantalla-2022-10-26-113033.png\" alt=\"\" class=\"wp-image-14659\" srcset=\"https:\/\/corrientesdetarde.com\/wp-content\/uploads\/2022\/10\/Captura-de-pantalla-2022-10-26-113033.png 837w, https:\/\/corrientesdetarde.com\/wp-content\/uploads\/2022\/10\/Captura-de-pantalla-2022-10-26-113033-263x300.png 263w, https:\/\/corrientesdetarde.com\/wp-content\/uploads\/2022\/10\/Captura-de-pantalla-2022-10-26-113033-768x874.png 768w\" sizes=\"auto, (max-width: 837px) 100vw, 837px\" \/><\/figure>\n","protected":false},"excerpt":{"rendered":"<p>El informe epidemiol\u00f3gico de la provincia de Corrientes de este mi\u00e9rcoles, indic\u00f3 que no se registraron nuevos casos positivos de Coronavirus, al haberse analizado 401 muestras en las \u00faltimas 24&hellip; <\/p>\n","protected":false},"author":4,"featured_media":14658,"comment_status":"closed","ping_status":"open","sticky":false,"template":"","format":"standard","meta":{"footnotes":""},"categories":[1],"tags":[],"class_list":["post-14656","post","type-post","status-publish","format-standard","has-post-thumbnail","hentry","category-informacion-general"],"_links":{"self":[{"href":"https:\/\/corrientesdetarde.com\/index.php\/wp-json\/wp\/v2\/posts\/14656","targetHints":{"allow":["GET"]}}],"collection":[{"href":"https:\/\/corrientesdetarde.com\/index.php\/wp-json\/wp\/v2\/posts"}],"about":[{"href":"https:\/\/corrientesdetarde.com\/index.php\/wp-json\/wp\/v2\/types\/post"}],"author":[{"embeddable":true,"href":"https:\/\/corrientesdetarde.com\/index.php\/wp-json\/wp\/v2\/users\/4"}],"replies":[{"embeddable":true,"href":"https:\/\/corrientesdetarde.com\/index.php\/wp-json\/wp\/v2\/comments?post=14656"}],"version-history":[{"count":1,"href":"https:\/\/corrientesdetarde.com\/index.php\/wp-json\/wp\/v2\/posts\/14656\/revisions"}],"predecessor-version":[{"id":14660,"href":"https:\/\/corrientesdetarde.com\/index.php\/wp-json\/wp\/v2\/posts\/14656\/revisions\/14660"}],"wp:featuredmedia":[{"embeddable":true,"href":"https:\/\/corrientesdetarde.com\/index.php\/wp-json\/wp\/v2\/media\/14658"}],"wp:attachment":[{"href":"https:\/\/corrientesdetarde.com\/index.php\/wp-json\/wp\/v2\/media?parent=14656"}],"wp:term":[{"taxonomy":"category","embeddable":true,"href":"https:\/\/corrientesdetarde.com\/index.php\/wp-json\/wp\/v2\/categories?post=14656"},{"taxonomy":"post_tag","embeddable":true,"href":"https:\/\/corrientesdetarde.com\/index.php\/wp-json\/wp\/v2\/tags?post=14656"}],"curies":[{"name":"wp","href":"https:\/\/api.w.org\/{rel}","templated":true}]}}