{"id":146562,"date":"2024-05-11T00:30:02","date_gmt":"2024-05-11T03:30:02","guid":{"rendered":"https:\/\/corrientesdetarde.com\/?p=146562"},"modified":"2024-05-11T00:30:14","modified_gmt":"2024-05-11T03:30:14","slug":"cardozo-remarco-la-importancia-de-los-enfermeros-en-el-sistema-sanitario-y-la-sociedad","status":"publish","type":"post","link":"https:\/\/corrientesdetarde.com\/index.php\/destacados\/cardozo-remarco-la-importancia-de-los-enfermeros-en-el-sistema-sanitario-y-la-sociedad\/","title":{"rendered":"Cardozo remarc\u00f3 la importancia de los enfermeros en el sistema sanitario y la sociedad"},"content":{"rendered":"\n<p><em>Fue en el marco de una jornada de capacitaci\u00f3n que se realiz\u00f3 hoy en el hospital de Campa\u00f1a, en v\u00edsperas del d\u00eda Internacional de la Enfermer\u00eda, que se conmemora el 12 de mayo.<\/em><\/p>\n\n\n\n<p>El ministro de Salud P\u00fablica de la Provincia, Ricardo Cardozo, particip\u00f3 hoy de la III Jornada Provincial de Enfermer\u00eda: Los cuidados humanizados como respuesta de enfermer\u00eda ante el escenario de salud actual. La actividad se realiz\u00f3 en el hospital de Campa\u00f1a Escuela Hogar y fue por el D\u00eda Internacional de la Enfermer\u00eda, que se conmemora el 12 de mayo.<\/p>\n\n\n\n<p>Los temas abordados fueron: \u201cCuidados humanizados en primera persona\u201d, \u201cEmpat\u00eda plena: preservando la calidad de los cuidados en situaciones l\u00edmite\u201d, \u201cLa vocaci\u00f3n, elemento esencial en el cuidado\u201d y \u201cLa Comunicaci\u00f3n Asertiva: un pilar del cuidado enfermero\u201d.<\/p>\n\n\n\n<figure class=\"wp-block-image size-large\"><img loading=\"lazy\" decoding=\"async\" width=\"1024\" height=\"671\" src=\"https:\/\/corrientesdetarde.com\/wp-content\/uploads\/2024\/05\/image-190-1024x671.png\" alt=\"\" class=\"wp-image-146563\" srcset=\"https:\/\/corrientesdetarde.com\/wp-content\/uploads\/2024\/05\/image-190-1024x671.png 1024w, https:\/\/corrientesdetarde.com\/wp-content\/uploads\/2024\/05\/image-190-300x197.png 300w, https:\/\/corrientesdetarde.com\/wp-content\/uploads\/2024\/05\/image-190-768x503.png 768w, https:\/\/corrientesdetarde.com\/wp-content\/uploads\/2024\/05\/image-190.png 1363w\" sizes=\"auto, (max-width: 1024px) 100vw, 1024px\" \/><\/figure>\n\n\n\n<p>\u201cAgradecimiento y reconocimiento, son dos palabras fundamentales para la vida de las personas y eso es lo que hacemos con los enfermeros, tratar de reconocerles siempre la tarea important\u00edsima para la salud y para la sociedad que realizan\u201d, dijo el ministro&nbsp;<strong>Ricardo Cardozo<\/strong>&nbsp;en la ocasi\u00f3n, dirigi\u00e9ndose a los enfermeros presentes, y los inst\u00f3 a \u201cseguir capacit\u00e1ndose y a trabajar duro para alcanzar objetivos\u201d.<\/p>\n\n\n\n<p>En esa l\u00ednea, mencion\u00f3 como ejemplo que en Salud P\u00fablica \u201chemos tenido y tenemos directores de hospitales enfermeros y otras autoridades con la misma profesi\u00f3n\u201d.<\/p>\n\n\n\n<p>Por otra parte, el ministro los reconoci\u00f3 por el rol que desempe\u00f1aron los enfermeros durante la pandemia por Covid-19. \u201cTrabajaron con gran eficiencia y con gran sentido humanitario\u201d, afirm\u00f3.<\/p>\n\n\n\n<p>Por su parte, la directora de Enfermer\u00eda,&nbsp;<strong>Marina Cantero<\/strong>, agradeci\u00f3 al ministro \u201cpor el apoyo constante a nuestra Direcci\u00f3n, nuestra gesti\u00f3n y a esta amada profesi\u00f3n\u201d y explic\u00f3 que \u201cla intenci\u00f3n fue la de reunirnos para hablar entre colegas y compartir un espacio com\u00fan. El marco que le dimos a esta jornada fue el humanitario. Este encuentro nos record\u00f3 que la vocaci\u00f3n de servicio es la base fundamental de nuestra profesi\u00f3n que llevamos d\u00eda a d\u00eda en cada servicio, junto con la calidad del cuidado del paciente\u201d.<\/p>\n\n\n\n<p>En tanto, el licenciado en Enfermer\u00eda del hospital de Campa\u00f1a Escuela Hogar,&nbsp;<strong>N\u00e9stor Ben\u00edtez<\/strong>, dijo: \u201cLa idea b\u00e1sicamente de esta jornada era enfocarnos y reivindicar el trabajo de la enfermer\u00eda desde el punto de vista humanitario, no olvidando lo esencial que es tener empat\u00eda, vocaci\u00f3n y organizaci\u00f3n desde el punto de vista de gesti\u00f3n por parte de los que conducen los diferentes equipos\u201d.<\/p>\n\n\n\n<p>\u201cSe trabaj\u00f3 sobre la comunicaci\u00f3n asertiva para poder desarrollar de manera efectiva de nuestra actividad para con el paciente\u201d, agreg\u00f3.<\/p>\n\n\n\n<p>Por \u00faltimo, el director del hospital de Campa\u00f1a,&nbsp;<strong>Alberto Arreg\u00edn<\/strong>, felicit\u00f3 a todos los presentes \u201cpor el sacrificio que hicieron de venir desde las distintas localidades del interior\u201d y remarc\u00f3 \u201cque las puertas del hospital de campa\u00f1a siempre est\u00e1n abiertas para todo lo que sea capacitaci\u00f3n\u201d.<\/p>\n","protected":false},"excerpt":{"rendered":"<p>Fue en el marco de una jornada de capacitaci\u00f3n que se realiz\u00f3 hoy en el hospital de Campa\u00f1a, en v\u00edsperas del d\u00eda Internacional de la Enfermer\u00eda, que se conmemora el&hellip; <\/p>\n","protected":false},"author":4,"featured_media":146564,"comment_status":"closed","ping_status":"open","sticky":false,"template":"","format":"standard","meta":{"footnotes":""},"categories":[26],"tags":[],"class_list":["post-146562","post","type-post","status-publish","format-standard","has-post-thumbnail","hentry","category-destacados"],"_links":{"self":[{"href":"https:\/\/corrientesdetarde.com\/index.php\/wp-json\/wp\/v2\/posts\/146562","targetHints":{"allow":["GET"]}}],"collection":[{"href":"https:\/\/corrientesdetarde.com\/index.php\/wp-json\/wp\/v2\/posts"}],"about":[{"href":"https:\/\/corrientesdetarde.com\/index.php\/wp-json\/wp\/v2\/types\/post"}],"author":[{"embeddable":true,"href":"https:\/\/corrientesdetarde.com\/index.php\/wp-json\/wp\/v2\/users\/4"}],"replies":[{"embeddable":true,"href":"https:\/\/corrientesdetarde.com\/index.php\/wp-json\/wp\/v2\/comments?post=146562"}],"version-history":[{"count":1,"href":"https:\/\/corrientesdetarde.com\/index.php\/wp-json\/wp\/v2\/posts\/146562\/revisions"}],"predecessor-version":[{"id":146565,"href":"https:\/\/corrientesdetarde.com\/index.php\/wp-json\/wp\/v2\/posts\/146562\/revisions\/146565"}],"wp:featuredmedia":[{"embeddable":true,"href":"https:\/\/corrientesdetarde.com\/index.php\/wp-json\/wp\/v2\/media\/146564"}],"wp:attachment":[{"href":"https:\/\/corrientesdetarde.com\/index.php\/wp-json\/wp\/v2\/media?parent=146562"}],"wp:term":[{"taxonomy":"category","embeddable":true,"href":"https:\/\/corrientesdetarde.com\/index.php\/wp-json\/wp\/v2\/categories?post=146562"},{"taxonomy":"post_tag","embeddable":true,"href":"https:\/\/corrientesdetarde.com\/index.php\/wp-json\/wp\/v2\/tags?post=146562"}],"curies":[{"name":"wp","href":"https:\/\/api.w.org\/{rel}","templated":true}]}}