{"id":146580,"date":"2024-05-11T08:00:17","date_gmt":"2024-05-11T11:00:17","guid":{"rendered":"https:\/\/corrientesdetarde.com\/?p=146580"},"modified":"2024-05-11T08:00:29","modified_gmt":"2024-05-11T11:00:29","slug":"nueva-comisaria-y-un-pedido-a-la-justicia","status":"publish","type":"post","link":"https:\/\/corrientesdetarde.com\/index.php\/policiales\/nueva-comisaria-y-un-pedido-a-la-justicia\/","title":{"rendered":"Nueva comisar\u00eda y un pedido a la Justicia"},"content":{"rendered":"\n<p>La Provincia habilit\u00f3 una sede policial en el barrio El Perich\u00f3n. Vald\u00e9s se\u00f1al\u00f3: &#8220;Tenemos que mirar el sistema judicial, si no la Polic\u00eda hace el esfuerzo, pero despu\u00e9s no llega la sanci\u00f3n&#8221;.<\/p>\n\n\n\n<p>Al inaugurar una comisar\u00eda en la zona del barrio El Perich\u00f3n, al este de la capital provincial, el gobernador Gustavo Vald\u00e9s plante\u00f3 la necesidad de actualizar el sistema judicial para atender los casos de reiteraci\u00f3n de delitos sin penalidad para los autores. &#8220;Tenemos que mirar el sistema de Justicia, si no la Polic\u00eda hace el esfuerzo, pero despu\u00e9s no llega la sanci\u00f3n&#8221;, indic\u00f3 Vald\u00e9s en su discurso.<\/p>\n\n\n\n<p>En este sentido, record\u00f3 que el Gobierno logr\u00f3 implementar un nuevo C\u00f3digo de Procedimiento Penal que incorpora figuras como la flagrancia. &#8220;Ahora tenemos que trabajar en un proyecto que sume figuras como la reiterancia, para que aquellos que cometan delitos todos los d\u00edas no salgan al poco tiempo para volver a delinquir&#8221;.<\/p>\n\n\n\n<p>Tambi\u00e9n se refiri\u00f3 a una nueva ley para llamar a concursos y concretar 30 nuevas fiscal\u00edas en toda la provincia. &#8220;Esto hay que hacerlo pronto&#8221;, afirm\u00f3.<\/p>\n\n\n\n<p>En principio, el Mandatario acentu\u00f3 en que &#8220;no puede ser que los vecinos de El Perich\u00f3n tengan que recorrer kil\u00f3metros hasta el barrio Molina Punta para realizar una denuncia&#8221;, por lo cual &#8220;hay que repensar una ciudad con nuevas jurisdicciones&#8221;.<\/p>\n\n\n\n<figure class=\"wp-block-image\"><img decoding=\"async\" src=\"https:\/\/www.diarioepoca.com\/content\/bucket\/4\/1362154w380h132c.jpg.webp\" alt=\"\"\/><\/figure>\n\n\n\n<p>Tambi\u00e9n distingui\u00f3: &#8220;La seguridad (no solo se trata de nuevos edificios, sino tambi\u00e9n) es el constante patrullaje, la informaci\u00f3n aportada por los vecinos y el trabajo en conjunto&#8221;.<\/p>\n\n\n\n<p>&#8220;Esta obra fue posible tambi\u00e9n porque invertimos no solo en la construcci\u00f3n, sino tambi\u00e9n en la formaci\u00f3n policial&#8221;, dijo Vald\u00e9s.<\/p>\n\n\n\n<p>Asimismo, inform\u00f3 que el Gobierno est\u00e1 invirtiendo en &#8220;la escuela de Polic\u00eda m\u00e1s moderna del norte argentino&#8221; para tener &#8220;oficiales bien formados para dar una respuesta al ciudadano&#8221;. Como dato, record\u00f3 que en 2009 hab\u00eda alrededor de 4.600 efectivos, cuando en la actualidad rondan los 11.000.<\/p>\n\n\n\n<p>En l\u00ednea con la formaci\u00f3n policial festej\u00f3 la designaci\u00f3n de la comisaria Cinthia Sanabria al frente de esta nueva dependencia, ya que significa un gran avance en materia de igualdad de g\u00e9nero teniendo en cuenta que hasta hace algunos a\u00f1os hab\u00eda pocas oficiales mujeres.<\/p>\n\n\n\n<p>La flamante dependencia policial se emplaza dentro del predio del Centro de Jubilados y Pensionados de la Provincia, siendo un edificio prototipo en funci\u00f3n de los requerimientos y necesidades b\u00e1sicas para el funcionamiento institucional.<\/p>\n\n\n\n<p>Cuenta con hall de acceso, sala de guardia y prevenci\u00f3n, espera, oficina para el jefe de comisar\u00eda, n\u00facleo sanitario privado para la jefatura, oficinas sumariales, radio y log\u00edstica, dormitorio para oficiales y suboficiales, n\u00facleo sanitario privado con ducha, cocina &#8211; comedor, sala de detenidos, sanitario p\u00fablico y galer\u00eda semicubierta, entre otros.<\/p>\n\n\n\n<h2 class=\"wp-block-heading\">&#8220;Un paso m\u00e1s para la seguridad y el crecimiento&#8221;<\/h2>\n\n\n\n<figure class=\"wp-block-image\"><img decoding=\"async\" src=\"https:\/\/www.diarioepoca.com\/content\/bucket\/5\/1362155w380h376c.jpg.webp\" alt=\"\"\/><\/figure>\n\n\n\n<p>El intendente Eduardo Tassano acompa\u00f1\u00f3 al gobernador Gustavo Vald\u00e9s en la inauguraci\u00f3n de la comisar\u00eda en El Perich\u00f3n. Esta nueva obra se suma a las intervenciones en infraestructura y personal en la que avanza la Provincia junto con el Municipio para brindar mayor seguridad a los vecinos y mejores condiciones de trabajo para el personal policial.<\/p>\n\n\n\n<p>&#8220;La seguridad es pol\u00edtica de Estado de la Provincia y aportamos nuestra colaboraci\u00f3n porque este es un paso m\u00e1s el crecimiento en Corrientes&#8221;, remarc\u00f3 el Intendente en la habilitaci\u00f3n de la obra.<\/p>\n\n\n\n<p>El Jefe comunal de Capital dej\u00f3 en claro la contribuci\u00f3n que realiza la gesti\u00f3n provincial en materia de seguridad. En esa l\u00ednea, expres\u00f3: &#8220;En toda la ciudad avanzamos con inauguraciones de este tipo que potencian la infraestructura de la capital y en la que los beneficiarios son los vecinos&#8221;.<\/p>\n\n\n\n<p>Adem\u00e1s, destac\u00f3 las inversiones en c\u00e1maras de seguridad, paradas seguras y personal de guardia urbana en todos los puntos, para concluir destacando el trabajo que despliega la Polic\u00eda de Corrientes.<\/p>\n","protected":false},"excerpt":{"rendered":"<p>La Provincia habilit\u00f3 una sede policial en el barrio El Perich\u00f3n. Vald\u00e9s se\u00f1al\u00f3: &#8220;Tenemos que mirar el sistema judicial, si no la Polic\u00eda hace el esfuerzo, pero despu\u00e9s no llega&hellip; <\/p>\n","protected":false},"author":3,"featured_media":146581,"comment_status":"closed","ping_status":"open","sticky":false,"template":"","format":"standard","meta":{"footnotes":""},"categories":[33],"tags":[],"class_list":["post-146580","post","type-post","status-publish","format-standard","has-post-thumbnail","hentry","category-policiales"],"_links":{"self":[{"href":"https:\/\/corrientesdetarde.com\/index.php\/wp-json\/wp\/v2\/posts\/146580","targetHints":{"allow":["GET"]}}],"collection":[{"href":"https:\/\/corrientesdetarde.com\/index.php\/wp-json\/wp\/v2\/posts"}],"about":[{"href":"https:\/\/corrientesdetarde.com\/index.php\/wp-json\/wp\/v2\/types\/post"}],"author":[{"embeddable":true,"href":"https:\/\/corrientesdetarde.com\/index.php\/wp-json\/wp\/v2\/users\/3"}],"replies":[{"embeddable":true,"href":"https:\/\/corrientesdetarde.com\/index.php\/wp-json\/wp\/v2\/comments?post=146580"}],"version-history":[{"count":1,"href":"https:\/\/corrientesdetarde.com\/index.php\/wp-json\/wp\/v2\/posts\/146580\/revisions"}],"predecessor-version":[{"id":146585,"href":"https:\/\/corrientesdetarde.com\/index.php\/wp-json\/wp\/v2\/posts\/146580\/revisions\/146585"}],"wp:featuredmedia":[{"embeddable":true,"href":"https:\/\/corrientesdetarde.com\/index.php\/wp-json\/wp\/v2\/media\/146581"}],"wp:attachment":[{"href":"https:\/\/corrientesdetarde.com\/index.php\/wp-json\/wp\/v2\/media?parent=146580"}],"wp:term":[{"taxonomy":"category","embeddable":true,"href":"https:\/\/corrientesdetarde.com\/index.php\/wp-json\/wp\/v2\/categories?post=146580"},{"taxonomy":"post_tag","embeddable":true,"href":"https:\/\/corrientesdetarde.com\/index.php\/wp-json\/wp\/v2\/tags?post=146580"}],"curies":[{"name":"wp","href":"https:\/\/api.w.org\/{rel}","templated":true}]}}