{"id":146582,"date":"2024-05-11T08:00:19","date_gmt":"2024-05-11T11:00:19","guid":{"rendered":"https:\/\/corrientesdetarde.com\/?p=146582"},"modified":"2024-05-11T08:00:21","modified_gmt":"2024-05-11T11:00:21","slug":"boca-unidos-sufrio-un-reves-que-confirma-su-fragilidad-de-visitante","status":"publish","type":"post","link":"https:\/\/corrientesdetarde.com\/index.php\/deportes\/boca-unidos-sufrio-un-reves-que-confirma-su-fragilidad-de-visitante\/","title":{"rendered":"Boca Unidos sufri\u00f3 un rev\u00e9s que confirma su fragilidad de visitante"},"content":{"rendered":"\n<p><\/p>\n\n\n\n<p>En el estreno del entrenador Juan Alfons\u00edn, el conjunto correntino cedi\u00f3 en el estadio &#8220;Centenario&#8221; de Resistencia ante Sarmiento por 3 a 1. Luego de cuatro presentaciones fuera de Corrientes por la Zona 4, el aurirrojo a\u00fan no pudo sumar de a tres en esa condici\u00f3n.<\/p>\n\n\n\n<p>Luego de mostrar una mejor\u00eda la fecha pasada ante Juventud Antoniana, Boca Unidos dio un paso atr\u00e1s en el Torneo Federal A. Por la Zona 4, el equipo correntino no pudo imponerse en el estreno del t\u00e9cnico Juan Alfons\u00edn. Sarmiento de Resistencia lo derrot\u00f3 por 3 a 1 en el estadio &#8220;Centenario&#8221; para llegar a nueve unidades en el campeonato y clavar a los &#8220;aurirrojos&#8221; en seis puntos tras siete juegos en 2024.<\/p>\n\n\n\n<p>Para este duelo, el entrenador no pudo contar con el arquero Lucas De Le\u00f3n, siendo reemplazado nuevamente por el joven Federico Quijano. Tambi\u00e9n, la baja de Antonio Medina por lesi\u00f3n (ver recuadro) diezm\u00f3 a\u00fan m\u00e1s al conjunto ribere\u00f1o, en su af\u00e1n de sumar fuera del &#8220;Leoncio Ben\u00edtez&#8221;.<\/p>\n\n\n\n<figure class=\"wp-block-image\"><img decoding=\"async\" src=\"https:\/\/www.diarioepoca.com\/content\/bucket\/8\/1362158w380h132c.jpg.webp\" alt=\"\"\/><\/figure>\n\n\n\n<p>El primer tiempo fue en el dominio favorable a los de Corrientes, que tuvieron intenci\u00f3n de ser protagonistas. Con el tridente ofensivo conformado por Maximiliano Solari, Leonardo Valdez y Gonzalo R\u00edos, Boca intentaba asomar con peligro pero le faltaba claridad en los metros finales. Sarmiento fue m\u00e1s directo y, a los 23 minutos, no perdon\u00f3 a los visitantes. Tras una recuperaci\u00f3n en el medio, Pablo Soda qued\u00f3 cara a cara con Quijano y no le dio chances a una defensa que qued\u00f3 mal parada en esta jugada.<\/p>\n\n\n\n<p>Boca Unidos no perdi\u00f3 la paciencia a pesar del golpe y sigui\u00f3 intentando generar desde la posesi\u00f3n. Pablo Cuevas se mostraba peligroso en ofensiva y el lateral mand\u00f3 un gran centro a los 29 para el cabezazo de Solari que dio en el travesa\u00f1o. Avisaba la visita que merec\u00eda m\u00e1s pero deber\u00eda esperar hasta los 39. La igualdad lleg\u00f3 por intermedio de justamente del formose\u00f1o Cuevas. El defensor recibi\u00f3 de frente un pase del goyano \u00c1ngel Piz y sacudi\u00f3 desde lejos para dejar sin chances al arquero Ezequiel Bacher. Justicia en el tanteador y todo empatado para ir a los vestuarios. Luego de cambios en Sarmiento antes de comenzar el segundo tiempo, el &#8220;decano&#8221; sali\u00f3 m\u00e1s decidido que Boca Unidos. A los 17 llegar\u00eda el minuto de la desgracia para los ribere\u00f1os porque nuevamente Soda aprovechar\u00eda otra falla entre el arquero Quijano y el defensor Santiago Chamorro lleg\u00f3 a firmar su doblete.<\/p>\n\n\n\n<figure class=\"wp-block-image\"><img decoding=\"async\" src=\"https:\/\/www.diarioepoca.com\/content\/bucket\/9\/1362149w380h717c.jpg.webp\" alt=\"\"\/><\/figure>\n\n\n\n<p>El gol fue un mazazo para Boca y, a los 44, llegar\u00eda el tanto que le dio cifras definitivas con la aparici\u00f3n del ingresado Iv\u00e1n Escobares para abrochar el \u00e9xito chaque\u00f1o. Ahora, Boca Unidos tendr\u00e1 dos juegos seguidos de local para tratar de volver a sumar y trepar en las posiciones.<\/p>\n\n\n\n<h2 class=\"wp-block-heading\">El capit\u00e1n Antonio Medina ser\u00e1 baja por al menos dos meses<\/h2>\n\n\n\n<p>Boca Unidos tuvo un paso en falso ayer en Resistencia por la Zona 4 del Torneo Federal A, sumando otra mala noticia este fin de semana. En la previa del partido, se oficializ\u00f3 que tendr\u00e1 la baja de Antonio Medina por, al menos, dos meses. El experimentado delantero chaque\u00f1o sufri\u00f3 un duro golpe en su rodilla derecha que le impidi\u00f3 completar el primer tiempo ante Juventud Antoniana de Salta. Los estudios arrojaron que estar\u00e1 afuera de las canchas entre 60 y 90 d\u00edas pero su lesi\u00f3n no demandar\u00e1 una cirug\u00eda. El medio partidario Rep\u00fablica Aurirroja le dedic\u00f3 unas palabras al capit\u00e1n y referente del equipo correntino: &#8220;Hoy pedirte algo de nuestra parte ya es ego\u00edsta porque nos diste todo y m\u00e1s, pero queremos disfrutarte hasta el final y que sea dentro de una cancha, donde sos feliz y alegras a toda la gente \u00a1Va pasar r\u00e1pido y ye estaremos esperando, \u00eddolo!&#8221;<\/p>\n\n\n\n<h2 class=\"wp-block-heading\">Central Norte busca la cima en soledad<\/h2>\n\n\n\n<figure class=\"wp-block-image\"><img decoding=\"async\" src=\"https:\/\/www.diarioepoca.com\/content\/bucket\/9\/1362159w380h443c.jpg.webp\" alt=\"\"\/><\/figure>\n\n\n\n<p>Luego de la victoria de Sarmiento ante Boca Unidos en Resistencia, la Zona 4 del Torneo Federal A se completar\u00e1 con tres partidos. Desde las 16, Crucero del Norte jugar\u00e1 en Garup\u00e1 ante Sol de Am\u00e9rica de Formosa. Luego, a las 16:30, Central Norte tratar\u00e1 de aprovechar que el l\u00edder Sarmiento de La Banda tiene fecha libre para superarlo y tomar la cima. El &#8220;cuervo&#8221; ser\u00e1 visitante de San Mart\u00edn de Formosa. La jornada se completar\u00e1 con el duelo de dos que est\u00e1n en el fondo: Juventud Antoniana en Salta ante el \u00faltimo Uni\u00f3n de Sunchales (a partir de las 21).<\/p>\n\n\n\n<p><br>Hoy &#8211; Torneo Federal A &#8211; Zona 4<\/p>\n\n\n\n<p>16 &#8211; Crucero del Norte vs. Sol de Am\u00e9rica<\/p>\n\n\n\n<p>\u00c1rbitro: C\u00e9sar Ceballos (Liga Cordobesa).<\/p>\n\n\n\n<p>16:30 &#8211; San Mart\u00edn de Formosa vs. Central Norte de Salta<\/p>\n\n\n\n<p>\u00c1rbitro: Fernando Jes\u00fas Rekers (Liga Cordobesa).<\/p>\n\n\n\n<p>21 &#8211; Juventud Antoniana vs. Uni\u00f3n de Sunchales.<\/p>\n\n\n\n<p>Libre: Sarmiento (La Banda).<\/p>\n","protected":false},"excerpt":{"rendered":"<p>En el estreno del entrenador Juan Alfons\u00edn, el conjunto correntino cedi\u00f3 en el estadio &#8220;Centenario&#8221; de Resistencia ante Sarmiento por 3 a 1. Luego de cuatro presentaciones fuera de Corrientes&hellip; <\/p>\n","protected":false},"author":3,"featured_media":146583,"comment_status":"closed","ping_status":"open","sticky":false,"template":"","format":"standard","meta":{"footnotes":""},"categories":[4],"tags":[],"class_list":["post-146582","post","type-post","status-publish","format-standard","has-post-thumbnail","hentry","category-deportes"],"_links":{"self":[{"href":"https:\/\/corrientesdetarde.com\/index.php\/wp-json\/wp\/v2\/posts\/146582","targetHints":{"allow":["GET"]}}],"collection":[{"href":"https:\/\/corrientesdetarde.com\/index.php\/wp-json\/wp\/v2\/posts"}],"about":[{"href":"https:\/\/corrientesdetarde.com\/index.php\/wp-json\/wp\/v2\/types\/post"}],"author":[{"embeddable":true,"href":"https:\/\/corrientesdetarde.com\/index.php\/wp-json\/wp\/v2\/users\/3"}],"replies":[{"embeddable":true,"href":"https:\/\/corrientesdetarde.com\/index.php\/wp-json\/wp\/v2\/comments?post=146582"}],"version-history":[{"count":1,"href":"https:\/\/corrientesdetarde.com\/index.php\/wp-json\/wp\/v2\/posts\/146582\/revisions"}],"predecessor-version":[{"id":146584,"href":"https:\/\/corrientesdetarde.com\/index.php\/wp-json\/wp\/v2\/posts\/146582\/revisions\/146584"}],"wp:featuredmedia":[{"embeddable":true,"href":"https:\/\/corrientesdetarde.com\/index.php\/wp-json\/wp\/v2\/media\/146583"}],"wp:attachment":[{"href":"https:\/\/corrientesdetarde.com\/index.php\/wp-json\/wp\/v2\/media?parent=146582"}],"wp:term":[{"taxonomy":"category","embeddable":true,"href":"https:\/\/corrientesdetarde.com\/index.php\/wp-json\/wp\/v2\/categories?post=146582"},{"taxonomy":"post_tag","embeddable":true,"href":"https:\/\/corrientesdetarde.com\/index.php\/wp-json\/wp\/v2\/tags?post=146582"}],"curies":[{"name":"wp","href":"https:\/\/api.w.org\/{rel}","templated":true}]}}