{"id":146586,"date":"2024-05-11T08:01:40","date_gmt":"2024-05-11T11:01:40","guid":{"rendered":"https:\/\/corrientesdetarde.com\/?p=146586"},"modified":"2024-05-11T08:01:52","modified_gmt":"2024-05-11T11:01:52","slug":"vecinos-que-denunciaron-robos-sufrieron-amenazas-de-muerte","status":"publish","type":"post","link":"https:\/\/corrientesdetarde.com\/index.php\/policiales\/vecinos-que-denunciaron-robos-sufrieron-amenazas-de-muerte\/","title":{"rendered":"Vecinos que denunciaron robos sufrieron amenazas de muerte"},"content":{"rendered":"\n<p>En el barrio Parque Serantes ocurri\u00f3 un sinn\u00famero de il\u00edcitos: arrebatos, robos a viviendas, a un comedor y a veh\u00edculos. Los autores fueron identificados y acusados ante la Polic\u00eda. A las pocas horas, toman represalias. &#8220;Estamos desprotegidos porque nos patotean&#8221;, dijeron.<\/p>\n\n\n\n<p>Vecinos del capitalino barrio Parque Ingeniero Serantes decidieron realizar ayer una manifestaci\u00f3n p\u00fablica en reclamo de seguridad por robos constantes y protecci\u00f3n ante las represalias de ladrones que ocurren cada vez que ellos saben de una denuncia en su contra.<\/p>\n\n\n\n<p>Mujeres, hombres y chicos participaron de una protesta en la esquina de avenida Arturo Frondizi y Gasc\u00f3n que incluy\u00f3 la quema de cubiertas.<\/p>\n\n\n\n<p>Despu\u00e9s del mediod\u00eda, cuando finaliz\u00f3 la movilizaci\u00f3n, al comedor social &#8220;Rosa M\u00edstica&#8221; fue atacado a cascotazos por un clan familiar se\u00f1alado como autor de cuantiosos il\u00edcitos.<\/p>\n\n\n\n<p>Los maleantes amenazaron a los hijos de la encargada del lugar porque la se\u00f1alan como promotora del reclamo de acci\u00f3n a la Polic\u00eda y a la Justicia.<\/p>\n\n\n\n<p>Precisamente, el 7 de abril, en la vivienda donde funciona el comedor, se produjo la sustracci\u00f3n de garrafas y un televisor con la particularidad de que uno de los maleantes olvid\u00f3 un cuchillo antes de salir por la ventana a la que doblaron los barrotes.<\/p>\n\n\n\n<p>Pocas horas pasaron hasta que las cosas fueron ofrecidas a la venta en la zona. Los detalles aportados en la denuncia no sirvieron de mucho; ellos pasaban todos los d\u00edas frente al lugar, impunes.<\/p>\n\n\n\n<figure class=\"wp-block-image\"><img decoding=\"async\" src=\"https:\/\/www.diarioepoca.com\/content\/bucket\/6\/1362156w380h351c.jpg.webp\" alt=\"\"\/><\/figure>\n\n\n\n<p>&#8220;Todos los d\u00edas pasa algo; no hay uno en que no haya un robo en el barrio y se sabe qui\u00e9nes son. Vecinos que andan armados, amenazan y patotean si denunciamos&#8221;, explic\u00f3 una vecina.<\/p>\n\n\n\n<p>Una banda juvenil asola ese sector de la ciudad, tal como diario \u00e9poca lo reflej\u00f3 en una nota publicada hace poco m\u00e1s de un a\u00f1o. Aunque pasaron los meses, nada cambi\u00f3 y tales sujetos contin\u00faan en libertad haciendo de las suyas.<\/p>\n\n\n\n<p>Los apuntados son muchachos que habitan la barriada popularmente conocida como &#8220;La Olla&#8221;. Algunos de ellos son Brian, Ariel, &#8220;Cot\u00f3n&#8221;, &#8220;Bebi&#8221;, &#8220;Yoni&#8221;.<\/p>\n\n\n\n<p>Vecinos apuntan contra la presunta &#8220;inacci\u00f3n&#8221; de las autoridades de la Comisar\u00eda Vigesimoprimera.<\/p>\n\n\n\n<p>En redes sociales circularon filmaciones de c\u00e1maras de seguridad en las que aparecen los acusados ingresando a viviendas en distintos horarios. En la mayor\u00eda de los casos, al saber que los due\u00f1os salieron. &#8220;Nos vigilan, persiguen; esto es realmente peligroso&#8221;, a\u00f1adi\u00f3 la persona cuya identidad se mantiene bajo reserva.<\/p>\n\n\n\n<p>Dos semanas atr\u00e1s, Brian fue descubierto adentro de la casa de un vecino de la cuadra donde vive. El ladr\u00f3n estaba en una habitaci\u00f3n buscando dinero. Horas antes estuvo en el domicilio donde sustrajo dinero, un cargador y zapatillas.<\/p>\n\n\n\n<p>La v\u00edctima busc\u00f3 los registros de sus c\u00e1maras de seguridad y las llev\u00f3 a la Polic\u00eda. &#8220;No lo detuvieron&#8221;, contaron ayer, sino que &#8220;\u00e9l (Brian) con sus amigos amenazaron al vecino que hizo la denuncia&#8221;.<\/p>\n\n\n\n<p>El caso de Brian resulta peculiar. Fue detenido o demorado en numerosas oportunidades desde que era tan solo un adolescente de 14 a\u00f1os. Hoy su edad ser\u00eda de 19.<\/p>\n\n\n\n<p>Aquella publicaci\u00f3n de \u00e9poca que data del 20 de febrero de 2023 se refer\u00eda al saqueo de una tienda de ropas, como tambi\u00e9n robos a una carnicer\u00eda, una ferreter\u00eda, una gomer\u00eda y un kiosco, siempre a manos de la banda de malhechores hoy acusada de nuevos il\u00edcitos.<\/p>\n","protected":false},"excerpt":{"rendered":"<p>En el barrio Parque Serantes ocurri\u00f3 un sinn\u00famero de il\u00edcitos: arrebatos, robos a viviendas, a un comedor y a veh\u00edculos. Los autores fueron identificados y acusados ante la Polic\u00eda. A&hellip; <\/p>\n","protected":false},"author":3,"featured_media":146587,"comment_status":"closed","ping_status":"open","sticky":false,"template":"","format":"standard","meta":{"footnotes":""},"categories":[33],"tags":[],"class_list":["post-146586","post","type-post","status-publish","format-standard","has-post-thumbnail","hentry","category-policiales"],"_links":{"self":[{"href":"https:\/\/corrientesdetarde.com\/index.php\/wp-json\/wp\/v2\/posts\/146586","targetHints":{"allow":["GET"]}}],"collection":[{"href":"https:\/\/corrientesdetarde.com\/index.php\/wp-json\/wp\/v2\/posts"}],"about":[{"href":"https:\/\/corrientesdetarde.com\/index.php\/wp-json\/wp\/v2\/types\/post"}],"author":[{"embeddable":true,"href":"https:\/\/corrientesdetarde.com\/index.php\/wp-json\/wp\/v2\/users\/3"}],"replies":[{"embeddable":true,"href":"https:\/\/corrientesdetarde.com\/index.php\/wp-json\/wp\/v2\/comments?post=146586"}],"version-history":[{"count":1,"href":"https:\/\/corrientesdetarde.com\/index.php\/wp-json\/wp\/v2\/posts\/146586\/revisions"}],"predecessor-version":[{"id":146588,"href":"https:\/\/corrientesdetarde.com\/index.php\/wp-json\/wp\/v2\/posts\/146586\/revisions\/146588"}],"wp:featuredmedia":[{"embeddable":true,"href":"https:\/\/corrientesdetarde.com\/index.php\/wp-json\/wp\/v2\/media\/146587"}],"wp:attachment":[{"href":"https:\/\/corrientesdetarde.com\/index.php\/wp-json\/wp\/v2\/media?parent=146586"}],"wp:term":[{"taxonomy":"category","embeddable":true,"href":"https:\/\/corrientesdetarde.com\/index.php\/wp-json\/wp\/v2\/categories?post=146586"},{"taxonomy":"post_tag","embeddable":true,"href":"https:\/\/corrientesdetarde.com\/index.php\/wp-json\/wp\/v2\/tags?post=146586"}],"curies":[{"name":"wp","href":"https:\/\/api.w.org\/{rel}","templated":true}]}}