{"id":146589,"date":"2024-05-11T08:03:25","date_gmt":"2024-05-11T11:03:25","guid":{"rendered":"https:\/\/corrientesdetarde.com\/?p=146589"},"modified":"2024-05-11T08:03:37","modified_gmt":"2024-05-11T11:03:37","slug":"la-municipalidad-recordo-el-dia-del-himno-nacional-argentino","status":"publish","type":"post","link":"https:\/\/corrientesdetarde.com\/index.php\/locales\/la-municipalidad-recordo-el-dia-del-himno-nacional-argentino\/","title":{"rendered":"La Municipalidad record\u00f3 el D\u00eda del Himno Nacional Argentino"},"content":{"rendered":"\n<p>&#8220;El himno es s\u00edmbolo de unidad; juntos debemos trabajar por nuestro bendito pa\u00eds&#8221;, exhort\u00f3 el intendente Eduardo Tassano durante el acto llevado a cabo en la plaza Vera. Participaron estudiantes de distintas escuelas de la ciudad y la Banda de M\u00fasica del Ej\u00e9rcito.<\/p>\n\n\n\n<p>En la v\u00edspera del D\u00eda del Himno Nacional, que se conmemora hoy s\u00e1bado 11 de mayo, la Municipalidad de la ciudad de Corrientes llev\u00f3 a cabo en la jornada de ayer un acto alusivo en la plaza Vera.<\/p>\n\n\n\n<p>El encuentro estuvo encabezado por el intendente capitalino, Eduardo Tassano, y adem\u00e1s cont\u00f3 con la participaci\u00f3n de la Banda de M\u00fasica del Ej\u00e9rcito Argentino y de estudiantes secundarios y jardineritos integrantes de los Centros de Desarrollo Infantil (CDI).<\/p>\n\n\n\n<p>Acompa\u00f1aron al Intendente, el viceintendente Emilio Lanari, funcionarios municipales, legisladores provinciales y nacionales, integrantes de distintas fuerzas de seguridad con asiento en la ciudad, de la Polic\u00eda de Corrientes, y el Servicio Penitenciario provincial, adem\u00e1s de invitados especiales y vecinos.<\/p>\n\n\n\n<p>Tras las estrofas del himno nacional, en la zona de la p\u00e9rgola -sobre la peatonal Jun\u00edn- el Intendente hizo uso de la palabra y destac\u00f3: &#8220;La canci\u00f3n patria es s\u00edmbolo de unidad, juntos debemos trabajar por nuestro bendito pa\u00eds&#8221;.<\/p>\n\n\n\n<figure class=\"wp-block-image\"><img decoding=\"async\" src=\"https:\/\/www.diarioepoca.com\/content\/bucket\/2\/1362172w380h132c.jpg.webp\" alt=\"\"\/><\/figure>\n\n\n\n<p>Adem\u00e1s, valor\u00f3: &#8220;El himno es parte de la construcci\u00f3n de este camino de crecimiento de nuestro pa\u00eds, y aunque hoy a\u00fan faltan cosas para llegar a lo que todos anhelamos, sin dudas vamos a lograrlo&#8221;, confi\u00f3 Tassano. &#8220;Y lo lograremos, como hoy estamos todos ac\u00e1, en unidad como comunidad&#8221;.<\/p>\n\n\n\n<p>Por su parte, el viceintendente Lanari resalt\u00f3: &#8220;Estamos viviendo una etapa en la revalorizaci\u00f3n de nuestros s\u00edmbolos patrios y el Ej\u00e9rcito Argentino en el que estamos volviendo a creer que es el respaldo de los valores y el territorio de la patria&#8221;.<\/p>\n\n\n\n<p>El Vicejefe comunal agreg\u00f3: &#8220;Para nosotros la conmemoraci\u00f3n del himno, que cantamos en todos los actos patrios, es muy importante, como la simbiosis entre el ej\u00e9rcito y la ciudadan\u00eda&#8221;.<\/p>\n\n\n\n<figure class=\"wp-block-image\"><img decoding=\"async\" src=\"https:\/\/www.diarioepoca.com\/content\/bucket\/1\/1362171w380h228c.jpg.webp\" alt=\"\"\/><\/figure>\n\n\n\n<p>A su t\u00e9rmino, Carlos Arce, presidente del Instituto Belgraniano de Corrientes, que tambi\u00e9n particip\u00f3 de esta importante conmemoraci\u00f3n en la plaza Vera, valor\u00f3: &#8220;Es un d\u00eda muy especial, nuestra patria comienza su liberaci\u00f3n en la Semana de Mayo, y con la conmemoraci\u00f3n del D\u00eda del Himno, nuestra m\u00e1xima marcha patria civil y militar que nos representa en todo el contexto latinoamericano y mundial&#8221;.<\/p>\n\n\n\n<p>Arce tambi\u00e9n reconoci\u00f3 que el acto organizado entre la Municipalidad y el Ej\u00e9rcito es &#8220;una muestra de la unidad civil y militar que la patria necesita para continuar en su desarrollo y progreso como los h\u00e9roes de la Revoluci\u00f3n de Mayo dieron un mensaje de la civilidad y el ej\u00e9rcito&#8221;.<\/p>\n\n\n\n<p>El titular del Instituto Belgraniano finaliz\u00f3 con estas palabras: &#8220;Conmemorar esta fecha es un gran logro para la gente y nos deja muy satisfechos&#8221;.<\/p>\n\n\n\n<h2 class=\"wp-block-heading\">Comienza un fin de semanapleno de actividades<\/h2>\n\n\n\n<figure class=\"wp-block-image\"><img decoding=\"async\" src=\"https:\/\/www.diarioepoca.com\/content\/bucket\/3\/1362173w380h224c.jpg.webp\" alt=\"\"\/><\/figure>\n\n\n\n<p>Como parte de las actividades de cada fin de semana, la Municipalidad de la ciudad de Corrientes pone a disposici\u00f3n de los vecinos y visitantes propuestas culturales y deportivas en diferentes puntos de la ciudad.<\/p>\n\n\n\n<p>Como ya es tradici\u00f3n, la Feria de Artesanos tendr\u00e1 lugar de 9 a 22, hoy y ma\u00f1ana en la avenida Costanera Sur y calle Las Heras. En el lugar se pueden encontrar objetos totalmente artesanales, hechos por manos correntinas.<\/p>\n\n\n\n<p>Para hoy s\u00e1bado, de 9 a 16, tendr\u00e1 lugar en la sede de la Secretar\u00eda de Deportes y Recreaci\u00f3n de la Provincia, en el barrio Ferr\u00e9, una jornada extraordinaria de &#8220;Capacitaci\u00f3n y T\u00e9cnica de Taekwondo&#8221;. Participar\u00e1n m\u00e1s de 300 atletas que tendr\u00e1n la posibilidad de graduarse de taekwondistas de diferentes filiales de los barrios de la ciudad.<\/p>\n\n\n\n<p>De 9 a 17, en el Club Deportivo Juventus (Ayacucho 2950) se realizar\u00e1 un encuentro de profesores de Educaci\u00f3n F\u00edsica del que participar\u00e1n m\u00e1s de 180 atletas.<\/p>\n\n\n\n<p>A partir de las 16, se concretar\u00e1 el Segundo Circuito de Maratones Barriales en el barrio Santa Catalina (Abelardo Dimotta, esquina Ram\u00f3n Sixto R\u00edos). Esta instancia consiste en carreras adaptadas para todas las edades, tanto para ni\u00f1os, personas adultas mayores que reci\u00e9n inician en la actividad como tambi\u00e9n para personas que compiten en circuitos locales. Ser\u00e1 de 2 y 6 kil\u00f3metros (participativa y competitiva, respectivamente). La acreditaci\u00f3n ser\u00e1 de 14 a 15:45. La largada de 2 kil\u00f3metros ser\u00e1 a las 16 y la de 6 a las 16:25.<\/p>\n\n\n\n<p>De 16 a 19, se llevar\u00e1 adelante la traves\u00eda en Kayak &#8220;Uniendo Playas&#8221; con un recorrido que dar\u00e1 inicio en la playa Molina Punta y llegar\u00e1 hasta la playa Arazaty II. La actividad se realizar\u00e1 todos los s\u00e1bados del mes de mayo.<\/p>\n\n\n\n<p>Desde las 19, en la plaza Los Constituyentes (Congreso y R\u00edo Limay) del barrio Santa Mar\u00eda, tendr\u00e1 lugar una nueva edici\u00f3n de &#8220;A bailar en los barrios&#8221;.<\/p>\n\n\n\n<p>De 19 a 3, se desarrollar\u00e1 el tradicional Patio Cervecero en el paseo Terrazas del Paran\u00e1 (avenida Costanera General San Mart\u00edn y pasaje Edison). En esta oportunidad, habr\u00e1 Dj\u0092s en vivo, cervezas artesanales y patio gastron\u00f3mico.<\/p>\n\n\n\n<h2 class=\"wp-block-heading\">Deporte y pe\u00f1a<\/h2>\n\n\n\n<p><br>Ma\u00f1ana domingo, de 9 a 12, se llevar\u00e1 adelante la instancia de &#8220;Juegos de la Ciudad&#8221;, selectivo para Juegos Correntinos \/ Juveniles en la disciplina de gimnasia trampol\u00edn. Se har\u00e1 con 34 inscriptos en el gimnasio Serie Libre (Gobernador Ruiz 2539).<\/p>\n\n\n\n<p>Por \u00faltimo, desde las 18, en la rotonda plaza Espa\u00f1a se desarrollar\u00e1 una nueva Pe\u00f1a Oficial de la Ciudad.<\/p>\n","protected":false},"excerpt":{"rendered":"<p>&#8220;El himno es s\u00edmbolo de unidad; juntos debemos trabajar por nuestro bendito pa\u00eds&#8221;, exhort\u00f3 el intendente Eduardo Tassano durante el acto llevado a cabo en la plaza Vera. Participaron estudiantes&hellip; <\/p>\n","protected":false},"author":3,"featured_media":146590,"comment_status":"closed","ping_status":"open","sticky":false,"template":"","format":"standard","meta":{"footnotes":""},"categories":[8],"tags":[],"class_list":["post-146589","post","type-post","status-publish","format-standard","has-post-thumbnail","hentry","category-locales"],"_links":{"self":[{"href":"https:\/\/corrientesdetarde.com\/index.php\/wp-json\/wp\/v2\/posts\/146589","targetHints":{"allow":["GET"]}}],"collection":[{"href":"https:\/\/corrientesdetarde.com\/index.php\/wp-json\/wp\/v2\/posts"}],"about":[{"href":"https:\/\/corrientesdetarde.com\/index.php\/wp-json\/wp\/v2\/types\/post"}],"author":[{"embeddable":true,"href":"https:\/\/corrientesdetarde.com\/index.php\/wp-json\/wp\/v2\/users\/3"}],"replies":[{"embeddable":true,"href":"https:\/\/corrientesdetarde.com\/index.php\/wp-json\/wp\/v2\/comments?post=146589"}],"version-history":[{"count":1,"href":"https:\/\/corrientesdetarde.com\/index.php\/wp-json\/wp\/v2\/posts\/146589\/revisions"}],"predecessor-version":[{"id":146591,"href":"https:\/\/corrientesdetarde.com\/index.php\/wp-json\/wp\/v2\/posts\/146589\/revisions\/146591"}],"wp:featuredmedia":[{"embeddable":true,"href":"https:\/\/corrientesdetarde.com\/index.php\/wp-json\/wp\/v2\/media\/146590"}],"wp:attachment":[{"href":"https:\/\/corrientesdetarde.com\/index.php\/wp-json\/wp\/v2\/media?parent=146589"}],"wp:term":[{"taxonomy":"category","embeddable":true,"href":"https:\/\/corrientesdetarde.com\/index.php\/wp-json\/wp\/v2\/categories?post=146589"},{"taxonomy":"post_tag","embeddable":true,"href":"https:\/\/corrientesdetarde.com\/index.php\/wp-json\/wp\/v2\/tags?post=146589"}],"curies":[{"name":"wp","href":"https:\/\/api.w.org\/{rel}","templated":true}]}}