{"id":146592,"date":"2024-05-11T08:04:41","date_gmt":"2024-05-11T11:04:41","guid":{"rendered":"https:\/\/corrientesdetarde.com\/?p=146592"},"modified":"2024-05-11T08:04:53","modified_gmt":"2024-05-11T11:04:53","slug":"ibera-conservacionistas-destacan-la-reintroduccion-de-yaguaretes","status":"publish","type":"post","link":"https:\/\/corrientesdetarde.com\/index.php\/medio-ambiente\/ibera-conservacionistas-destacan-la-reintroduccion-de-yaguaretes\/","title":{"rendered":"Iber\u00e1: conservacionistas destacan la reintroducci\u00f3n de yaguaret\u00e9s"},"content":{"rendered":"\n<p>Seg\u00fan los \u00faltimos datos oficiales, son al menos 21 los yaguaret\u00e9s que residen en el ecosistema del &#8220;agua grande&#8221;.<\/p>\n\n\n\n<p>Los Esteros del Iber\u00e1 albergan a varios proyectos de reintroducci\u00f3n de la fauna nativa. Uno de los que m\u00e1s se destac\u00f3 en el \u00faltimo tiempo es el de los yaguaret\u00e9s, cuya premisa de trabajo es luchar por hacer renacer la especie y generar poblaciones autosustentables para que el felino m\u00e1s grande de Am\u00e9rica vuelva a modelar el ecosistema.<\/p>\n\n\n\n<h2 class=\"wp-block-heading\">Importancia regional<\/h2>\n\n\n\n<p>Ayer, en las redes sociales del parque y de organismos conservacionistas de Argentina y Brasil destacaron: &#8220;Cada vez son m\u00e1s los yaguaret\u00e9s que pasean libres por el Gran Iber\u00e1.<\/p>\n\n\n\n<p>&#8220;Es un eslab\u00f3n muy importante en la cadena de la vida y su impacto en el Iber\u00e1 es muy significativo y favorable para estos felinos. Este es solo uno de los tantos proyectos de reintroducci\u00f3n de fauna nativa de la zona&#8221;, enfatizaron. &#8220;Gracias a todos los que hacen posible este maravilloso suceso, por cuidar de lo nuestro y por incentivar a seguir cuidando algo que nos hace tan bien a todos. Esto es el gran humedal americano&#8221;.<\/p>\n","protected":false},"excerpt":{"rendered":"<p>Seg\u00fan los \u00faltimos datos oficiales, son al menos 21 los yaguaret\u00e9s que residen en el ecosistema del &#8220;agua grande&#8221;. Los Esteros del Iber\u00e1 albergan a varios proyectos de reintroducci\u00f3n de&hellip; <\/p>\n","protected":false},"author":3,"featured_media":146593,"comment_status":"closed","ping_status":"open","sticky":false,"template":"","format":"standard","meta":{"footnotes":""},"categories":[6],"tags":[],"class_list":["post-146592","post","type-post","status-publish","format-standard","has-post-thumbnail","hentry","category-medio-ambiente"],"_links":{"self":[{"href":"https:\/\/corrientesdetarde.com\/index.php\/wp-json\/wp\/v2\/posts\/146592","targetHints":{"allow":["GET"]}}],"collection":[{"href":"https:\/\/corrientesdetarde.com\/index.php\/wp-json\/wp\/v2\/posts"}],"about":[{"href":"https:\/\/corrientesdetarde.com\/index.php\/wp-json\/wp\/v2\/types\/post"}],"author":[{"embeddable":true,"href":"https:\/\/corrientesdetarde.com\/index.php\/wp-json\/wp\/v2\/users\/3"}],"replies":[{"embeddable":true,"href":"https:\/\/corrientesdetarde.com\/index.php\/wp-json\/wp\/v2\/comments?post=146592"}],"version-history":[{"count":1,"href":"https:\/\/corrientesdetarde.com\/index.php\/wp-json\/wp\/v2\/posts\/146592\/revisions"}],"predecessor-version":[{"id":146594,"href":"https:\/\/corrientesdetarde.com\/index.php\/wp-json\/wp\/v2\/posts\/146592\/revisions\/146594"}],"wp:featuredmedia":[{"embeddable":true,"href":"https:\/\/corrientesdetarde.com\/index.php\/wp-json\/wp\/v2\/media\/146593"}],"wp:attachment":[{"href":"https:\/\/corrientesdetarde.com\/index.php\/wp-json\/wp\/v2\/media?parent=146592"}],"wp:term":[{"taxonomy":"category","embeddable":true,"href":"https:\/\/corrientesdetarde.com\/index.php\/wp-json\/wp\/v2\/categories?post=146592"},{"taxonomy":"post_tag","embeddable":true,"href":"https:\/\/corrientesdetarde.com\/index.php\/wp-json\/wp\/v2\/tags?post=146592"}],"curies":[{"name":"wp","href":"https:\/\/api.w.org\/{rel}","templated":true}]}}