{"id":146602,"date":"2024-05-11T09:00:30","date_gmt":"2024-05-11T12:00:30","guid":{"rendered":"https:\/\/corrientesdetarde.com\/?p=146602"},"modified":"2024-05-11T09:00:31","modified_gmt":"2024-05-11T12:00:31","slug":"proponen-que-la-comuna-coloque-cestos-para-basura-domiciliaria","status":"publish","type":"post","link":"https:\/\/corrientesdetarde.com\/index.php\/informacion-general\/proponen-que-la-comuna-coloque-cestos-para-basura-domiciliaria\/","title":{"rendered":"Proponen que la Comuna coloque cestos para basura domiciliaria"},"content":{"rendered":"\n<p>En la \u00faltima sesi\u00f3n del Concejo Deliberante capitalino tom\u00f3 estado parlamentario -y se gir\u00f3 a las comisiones de Ecolog\u00eda, Obras y Legislaci\u00f3n- una iniciativa que busca implementar un programa para la colocaci\u00f3n de cestos de residuos, cuya finalidad es facilitar la recolecci\u00f3n de residuos casa por casa.<\/p>\n\n\n\n<p>Seg\u00fan lo contenido en el articulado del proyecto de ordenanza, de prosperar esta propuesta, el Ejecutivo Municipal implementar\u00e1 el programa mediante la adquisici\u00f3n e instalaci\u00f3n de cestos domiciliarios de residuos. por v\u00eda de los mecanismos de contrataci\u00f3n autorizados legalmente, para ser entregados a los frentistas que devolver\u00e1n el precio del cesto y de su instalaci\u00f3n en cuotas.<\/p>\n\n\n\n<p>En los considerandos del expediente, sus mentores, los ediles Mercedes Mestres y Yamand\u00fa Barrios expusieron que la colocaci\u00f3n podr\u00e1 hacerse de un cesto por cada uno o dos domicilios. &#8220;Es importante destacar que si bien el uso es exclusivo del vecino frentista, el beneficio ser\u00e1 para toda la comunidad, ya que favorecer\u00e1 al orden y la limpieza de los barrios y mejorar\u00e1 el servicio de recolecci\u00f3n y cooperar con el cuidado del ambiente, a trav\u00e9s de un adecuado tratamiento de los residuos domiciliarios y, por ende, colaborar con una ciudad m\u00e1s limpia y ordenada&#8221;, describieron.<\/p>\n\n\n\n<p>De igual modo, los citados legisladores municipales indicaron que impulsan a trav\u00e9s de ese proyecto, se d\u00e9 la implementaci\u00f3n del programa como modalidad de articulaci\u00f3n p\u00fablico-privada y a trav\u00e9s del recupero en cuotas, que de ser exitosa tendr\u00e1 un impacto importante en la lucha contra el Cambio Clim\u00e1tico, de manera que habilita al Municipio a solicitar la financiaci\u00f3n del fideicomiso de la Red Argentina de Municipios por el Cambio Clim\u00e1tico (RAMCC)<\/p>\n\n\n\n<p>La Secretar\u00eda de Ambiente y Desarrollo Sustentable del Municipio ser\u00e1 la autoridad de aplicaci\u00f3n y \u00e9sta definir\u00e1 las zonas de la ciudad en la que se desarrollar\u00e1 el programa. En el caso particular de inmuebles de propiedad horizontal, la Autoridad de Aplicaci\u00f3n determinar\u00e1 al tama\u00f1o, material, lugar de colocaci\u00f3n y metodolog\u00eda de recupero de cuotas entre los propietarios de cada unidad funcional.<\/p>\n","protected":false},"excerpt":{"rendered":"<p>En la \u00faltima sesi\u00f3n del Concejo Deliberante capitalino tom\u00f3 estado parlamentario -y se gir\u00f3 a las comisiones de Ecolog\u00eda, Obras y Legislaci\u00f3n- una iniciativa que busca implementar un programa para&hellip; <\/p>\n","protected":false},"author":3,"featured_media":146605,"comment_status":"closed","ping_status":"open","sticky":false,"template":"","format":"standard","meta":{"footnotes":""},"categories":[1],"tags":[],"class_list":["post-146602","post","type-post","status-publish","format-standard","has-post-thumbnail","hentry","category-informacion-general"],"_links":{"self":[{"href":"https:\/\/corrientesdetarde.com\/index.php\/wp-json\/wp\/v2\/posts\/146602","targetHints":{"allow":["GET"]}}],"collection":[{"href":"https:\/\/corrientesdetarde.com\/index.php\/wp-json\/wp\/v2\/posts"}],"about":[{"href":"https:\/\/corrientesdetarde.com\/index.php\/wp-json\/wp\/v2\/types\/post"}],"author":[{"embeddable":true,"href":"https:\/\/corrientesdetarde.com\/index.php\/wp-json\/wp\/v2\/users\/3"}],"replies":[{"embeddable":true,"href":"https:\/\/corrientesdetarde.com\/index.php\/wp-json\/wp\/v2\/comments?post=146602"}],"version-history":[{"count":1,"href":"https:\/\/corrientesdetarde.com\/index.php\/wp-json\/wp\/v2\/posts\/146602\/revisions"}],"predecessor-version":[{"id":146622,"href":"https:\/\/corrientesdetarde.com\/index.php\/wp-json\/wp\/v2\/posts\/146602\/revisions\/146622"}],"wp:featuredmedia":[{"embeddable":true,"href":"https:\/\/corrientesdetarde.com\/index.php\/wp-json\/wp\/v2\/media\/146605"}],"wp:attachment":[{"href":"https:\/\/corrientesdetarde.com\/index.php\/wp-json\/wp\/v2\/media?parent=146602"}],"wp:term":[{"taxonomy":"category","embeddable":true,"href":"https:\/\/corrientesdetarde.com\/index.php\/wp-json\/wp\/v2\/categories?post=146602"},{"taxonomy":"post_tag","embeddable":true,"href":"https:\/\/corrientesdetarde.com\/index.php\/wp-json\/wp\/v2\/tags?post=146602"}],"curies":[{"name":"wp","href":"https:\/\/api.w.org\/{rel}","templated":true}]}}