{"id":146603,"date":"2024-05-11T09:00:26","date_gmt":"2024-05-11T12:00:26","guid":{"rendered":"https:\/\/corrientesdetarde.com\/?p=146603"},"modified":"2024-05-11T09:00:33","modified_gmt":"2024-05-11T12:00:33","slug":"la-alianza-del-banco-de-corrientes-con-clarin-brinda-mas-beneficios","status":"publish","type":"post","link":"https:\/\/corrientesdetarde.com\/index.php\/informacion-general\/la-alianza-del-banco-de-corrientes-con-clarin-brinda-mas-beneficios\/","title":{"rendered":"La alianza del Banco de Corrientes con Clar\u00edn brinda m\u00e1s beneficios"},"content":{"rendered":"\n<p>El Banco de Corrientes (BanCo) celebra su alianza con Clar\u00edn 365, el programa de beneficios que ofrece promociones en m\u00e1s de 1.400 marcas y 5.000 puntos de venta de todo el pa\u00eds, que vienen a sumarse a las ya vigentes en sus tarjetas de cr\u00e9dito.<\/p>\n\n\n\n<p>Tambi\u00e9n brinda acceso ilimitado a Clar\u00edn digital y la posibilidad de suscripci\u00f3n a las revistas del diario. Cabe destacar que se trata de un beneficio 100% gratuito.<\/p>\n\n\n\n<p>Esta alianza se traduce en BanCo 365, un beneficio exclusivo para clientes de tarjetas de cr\u00e9dito Gold, Signature, Black, Corporativas o Bonita. Se trata de una tarjeta sin costo de emisi\u00f3n ni mantenimiento que comenz\u00f3 a llegar a los domicilios de la cartera de clientes de la entidad, acompa\u00f1ado de un e-mail de bienvenida en el que se brindan mayores detalles.<\/p>\n\n\n\n<p>De esta manera, se podr\u00e1 acceder a numerosos beneficios en comercios de todo el pa\u00eds de rubros, como gastronom\u00eda, supermercados, indumentaria, turismo, servicios para tu auto, espect\u00e1culos y muchos m\u00e1s. Adem\u00e1s, permitir\u00e1 a los clientes suscribirse gratuitamente a Clar\u00edn.com, recibir informaci\u00f3n de calidad por mail, acceder a contenidos personalizados y promociones especiales, comentar las notas de los sitios editoriales, participar en concursos y ver transmisiones en vivo de eventos.<\/p>\n\n\n\n<p>Los interesados podr\u00e1n encontrar informaci\u00f3n sobre los beneficios y comercios adheridos en www.365.clarin<\/p>\n\n\n\n<p>com y, ante cualquier duda adicional sobre su uso o activaci\u00f3n podr\u00e1n contactarse al 0810 &#8211; 333 &#8211; 0365. Bases y condiciones en www.bancodecorrientes.com.ar<\/p>\n\n\n\n<h2 class=\"wp-block-heading\">Congreso<\/h2>\n\n\n\n<p>Por otra parte, la entidad correntina, junto a la Asociaci\u00f3n de Bancos P\u00fablicos y Privados de la Rep\u00fablica Argentina (ABAPPRA) ser\u00e1 organizadora del Tercer Congreso Federal Bancario. Los d\u00edas 7, 8 y 9 de julio, Corrientes ser\u00e1 la sede de este encuentro que re\u00fane a autoridades de las entidades financieras m\u00e1s importantes, as\u00ed como a referentes del mundo de las finanzas para tratar las \u00faltimas tendencias, desaf\u00edos y avances del sector.<\/p>\n\n\n\n<p>El evento tendr\u00e1 lugar en el auditorio Juli\u00e1n Zini y abordar\u00e1, a trav\u00e9s de conferencias y paneles, un debate impulsado por las tecnolog\u00edas de inteligencia artificial en el sistema financiero y bancario, una conversaci\u00f3n a la vanguardia de los grandes acontecimientos actuales que est\u00e1n sucediendo en el mundo.<\/p>\n","protected":false},"excerpt":{"rendered":"<p>El Banco de Corrientes (BanCo) celebra su alianza con Clar\u00edn 365, el programa de beneficios que ofrece promociones en m\u00e1s de 1.400 marcas y 5.000 puntos de venta de todo&hellip; <\/p>\n","protected":false},"author":3,"featured_media":146604,"comment_status":"closed","ping_status":"open","sticky":false,"template":"","format":"standard","meta":{"footnotes":""},"categories":[1],"tags":[],"class_list":["post-146603","post","type-post","status-publish","format-standard","has-post-thumbnail","hentry","category-informacion-general"],"_links":{"self":[{"href":"https:\/\/corrientesdetarde.com\/index.php\/wp-json\/wp\/v2\/posts\/146603","targetHints":{"allow":["GET"]}}],"collection":[{"href":"https:\/\/corrientesdetarde.com\/index.php\/wp-json\/wp\/v2\/posts"}],"about":[{"href":"https:\/\/corrientesdetarde.com\/index.php\/wp-json\/wp\/v2\/types\/post"}],"author":[{"embeddable":true,"href":"https:\/\/corrientesdetarde.com\/index.php\/wp-json\/wp\/v2\/users\/3"}],"replies":[{"embeddable":true,"href":"https:\/\/corrientesdetarde.com\/index.php\/wp-json\/wp\/v2\/comments?post=146603"}],"version-history":[{"count":1,"href":"https:\/\/corrientesdetarde.com\/index.php\/wp-json\/wp\/v2\/posts\/146603\/revisions"}],"predecessor-version":[{"id":146623,"href":"https:\/\/corrientesdetarde.com\/index.php\/wp-json\/wp\/v2\/posts\/146603\/revisions\/146623"}],"wp:featuredmedia":[{"embeddable":true,"href":"https:\/\/corrientesdetarde.com\/index.php\/wp-json\/wp\/v2\/media\/146604"}],"wp:attachment":[{"href":"https:\/\/corrientesdetarde.com\/index.php\/wp-json\/wp\/v2\/media?parent=146603"}],"wp:term":[{"taxonomy":"category","embeddable":true,"href":"https:\/\/corrientesdetarde.com\/index.php\/wp-json\/wp\/v2\/categories?post=146603"},{"taxonomy":"post_tag","embeddable":true,"href":"https:\/\/corrientesdetarde.com\/index.php\/wp-json\/wp\/v2\/tags?post=146603"}],"curies":[{"name":"wp","href":"https:\/\/api.w.org\/{rel}","templated":true}]}}