{"id":146671,"date":"2024-05-11T17:24:51","date_gmt":"2024-05-11T20:24:51","guid":{"rendered":"https:\/\/corrientesdetarde.com\/?p=146671"},"modified":"2024-05-11T17:24:55","modified_gmt":"2024-05-11T20:24:55","slug":"buscaron-en-corrientes-a-gitanos-vinculados-con-la-banda-de-los-monos","status":"publish","type":"post","link":"https:\/\/corrientesdetarde.com\/index.php\/policiales\/buscaron-en-corrientes-a-gitanos-vinculados-con-la-banda-de-los-monos\/","title":{"rendered":"Buscaron en Corrientes a gitanos vinculados con la banda de Los Monos"},"content":{"rendered":"\n<p>En un megaoperativo llevado a cabo en el marco del &#8220;Plan Bandera&#8221;, la Gendarmer\u00eda Nacional &nbsp;desmantel\u00f3 una banda vinculada al clan de &#8220;Los Monos&#8221;, informaron este viernes fuentes del Ministerio de Seguridad.&nbsp;<\/p>\n\n\n\n<p>Los 15 miembros de la organizaci\u00f3n fueron detenidos, con gran cantidad de armas y municiones, tras 21 allanamientos efectuados en &nbsp;Rosario, y en las provincias de Buenos Aires, Corrientes y Misiones.<\/p>\n\n\n\n<p>En Santa Luc\u00eda se realizaron allanamientos para detectar a dos ciudadanos gitanos que estar\u00edan al frente de la organizaci\u00f3n en Corrientes, pero no fueron encontrados.<\/p>\n\n\n\n<figure class=\"wp-block-embed is-type-rich is-provider-twitter wp-block-embed-twitter\"><div class=\"wp-block-embed__wrapper\">\n<blockquote class=\"twitter-tweet\" data-width=\"550\" data-dnt=\"true\"><p lang=\"es\" dir=\"ltr\">OPERACI\u00d3N ROMAN\u00cd: DESMANTELAMOS BANDA NARCO VINCULADA A \u201cLOS MONOS\u201d<br>En un megaoperativo llevado a cabo en Rosario, en el marco del &quot;Plan Bandera&quot;, detuvimos a 15 integrantes de una organizaci\u00f3n narco vinculada al clan \u201cLos Monos\u201d y a la mafia gitana. Tras 21 allanamientos\u2026 <a href=\"https:\/\/t.co\/CCzUTAzjgV\">pic.twitter.com\/CCzUTAzjgV<\/a><\/p>&mdash; Ministerio de Seguridad (@MinSeg) <a href=\"https:\/\/twitter.com\/MinSeg\/status\/1789044604320325911?ref_src=twsrc%5Etfw\">May 10, 2024<\/a><\/blockquote><script async src=\"https:\/\/platform.twitter.com\/widgets.js\" charset=\"utf-8\"><\/script>\n<\/div><\/figure>\n","protected":false},"excerpt":{"rendered":"<p>En un megaoperativo llevado a cabo en el marco del &#8220;Plan Bandera&#8221;, la Gendarmer\u00eda Nacional &nbsp;desmantel\u00f3 una banda vinculada al clan de &#8220;Los Monos&#8221;, informaron este viernes fuentes del Ministerio&hellip; <\/p>\n","protected":false},"author":1,"featured_media":146677,"comment_status":"closed","ping_status":"open","sticky":false,"template":"","format":"standard","meta":{"footnotes":""},"categories":[33],"tags":[],"class_list":["post-146671","post","type-post","status-publish","format-standard","has-post-thumbnail","hentry","category-policiales"],"_links":{"self":[{"href":"https:\/\/corrientesdetarde.com\/index.php\/wp-json\/wp\/v2\/posts\/146671","targetHints":{"allow":["GET"]}}],"collection":[{"href":"https:\/\/corrientesdetarde.com\/index.php\/wp-json\/wp\/v2\/posts"}],"about":[{"href":"https:\/\/corrientesdetarde.com\/index.php\/wp-json\/wp\/v2\/types\/post"}],"author":[{"embeddable":true,"href":"https:\/\/corrientesdetarde.com\/index.php\/wp-json\/wp\/v2\/users\/1"}],"replies":[{"embeddable":true,"href":"https:\/\/corrientesdetarde.com\/index.php\/wp-json\/wp\/v2\/comments?post=146671"}],"version-history":[{"count":1,"href":"https:\/\/corrientesdetarde.com\/index.php\/wp-json\/wp\/v2\/posts\/146671\/revisions"}],"predecessor-version":[{"id":146678,"href":"https:\/\/corrientesdetarde.com\/index.php\/wp-json\/wp\/v2\/posts\/146671\/revisions\/146678"}],"wp:featuredmedia":[{"embeddable":true,"href":"https:\/\/corrientesdetarde.com\/index.php\/wp-json\/wp\/v2\/media\/146677"}],"wp:attachment":[{"href":"https:\/\/corrientesdetarde.com\/index.php\/wp-json\/wp\/v2\/media?parent=146671"}],"wp:term":[{"taxonomy":"category","embeddable":true,"href":"https:\/\/corrientesdetarde.com\/index.php\/wp-json\/wp\/v2\/categories?post=146671"},{"taxonomy":"post_tag","embeddable":true,"href":"https:\/\/corrientesdetarde.com\/index.php\/wp-json\/wp\/v2\/tags?post=146671"}],"curies":[{"name":"wp","href":"https:\/\/api.w.org\/{rel}","templated":true}]}}