{"id":146672,"date":"2024-05-11T17:21:59","date_gmt":"2024-05-11T20:21:59","guid":{"rendered":"https:\/\/corrientesdetarde.com\/?p=146672"},"modified":"2024-05-11T17:22:03","modified_gmt":"2024-05-11T20:22:03","slug":"murio-apunalado-en-una-pelea-tras-fiesta-de-cumpleanos-en-el-interior-de-corrientes","status":"publish","type":"post","link":"https:\/\/corrientesdetarde.com\/index.php\/policiales\/murio-apunalado-en-una-pelea-tras-fiesta-de-cumpleanos-en-el-interior-de-corrientes\/","title":{"rendered":"Muri\u00f3 apu\u00f1alado en una pelea tras fiesta de cumplea\u00f1os en el interior de Corrientes"},"content":{"rendered":"\n<p>Efectivos Policiales de la Comisaria de Distrito Tercera de Ituzaingo, en colaboraci\u00f3n a la Unidad Fiscal en turno, llevan a cabo labores investigativas en relaci\u00f3n a un hecho y en el cual, un hombre de 27 a\u00f1os de edad muri\u00f3 tras resultar con lesiones compatibles con las producidas por un arma blanca.<\/p>\n\n\n\n<p>Todo ocurri\u00f3 en medio de una ri\u00f1a con otro joven, de 19 a\u00f1os de edad,&nbsp; quien ya se encuentra aprehendido.<\/p>\n\n\n\n<p>Seg\u00fan las primeras averiguaciones efectuadas y la informaci\u00f3n preliminar obtenida, el hecho se habr\u00eda registrado en horas de la madrugada de hoy en una fiesta de cumplea\u00f1os que se realizaba en un domicilio ubicado por calle Vuelta de Obligado casi Santa Fe en el Barrio La Florida.<\/p>\n\n\n\n<p>El occiso fue auxiliado y trasladado al Hospital local, donde lamentablemente y pese al esfuerzo de los facultativos, se habr\u00eda producido su deceso.<\/p>\n\n\n\n<p>Al respecto, se dio intervenci\u00f3n a la unidad fiscal en turno, realiz\u00e1ndose las diligencias y tramites del caso; procedi\u00e9ndose a la b\u00fasqueda del presunto autor, quien finalmente fue localizado y aprehendido, en cuanto al presunto arma utilizada, fue secuestrada, en tanto, el cuerpo del fallecido, fue trasladado al Instituto M\u00e9dico Forense, a los fines pertinentes; desconoci\u00e9ndose m\u00e1s detalles y pormenores que rodearon a este lamentable hecho.<\/p>\n","protected":false},"excerpt":{"rendered":"<p>Efectivos Policiales de la Comisaria de Distrito Tercera de Ituzaingo, en colaboraci\u00f3n a la Unidad Fiscal en turno, llevan a cabo labores investigativas en relaci\u00f3n a un hecho y en&hellip; <\/p>\n","protected":false},"author":1,"featured_media":95042,"comment_status":"closed","ping_status":"open","sticky":false,"template":"","format":"standard","meta":{"footnotes":""},"categories":[33],"tags":[],"class_list":["post-146672","post","type-post","status-publish","format-standard","has-post-thumbnail","hentry","category-policiales"],"_links":{"self":[{"href":"https:\/\/corrientesdetarde.com\/index.php\/wp-json\/wp\/v2\/posts\/146672","targetHints":{"allow":["GET"]}}],"collection":[{"href":"https:\/\/corrientesdetarde.com\/index.php\/wp-json\/wp\/v2\/posts"}],"about":[{"href":"https:\/\/corrientesdetarde.com\/index.php\/wp-json\/wp\/v2\/types\/post"}],"author":[{"embeddable":true,"href":"https:\/\/corrientesdetarde.com\/index.php\/wp-json\/wp\/v2\/users\/1"}],"replies":[{"embeddable":true,"href":"https:\/\/corrientesdetarde.com\/index.php\/wp-json\/wp\/v2\/comments?post=146672"}],"version-history":[{"count":1,"href":"https:\/\/corrientesdetarde.com\/index.php\/wp-json\/wp\/v2\/posts\/146672\/revisions"}],"predecessor-version":[{"id":146676,"href":"https:\/\/corrientesdetarde.com\/index.php\/wp-json\/wp\/v2\/posts\/146672\/revisions\/146676"}],"wp:featuredmedia":[{"embeddable":true,"href":"https:\/\/corrientesdetarde.com\/index.php\/wp-json\/wp\/v2\/media\/95042"}],"wp:attachment":[{"href":"https:\/\/corrientesdetarde.com\/index.php\/wp-json\/wp\/v2\/media?parent=146672"}],"wp:term":[{"taxonomy":"category","embeddable":true,"href":"https:\/\/corrientesdetarde.com\/index.php\/wp-json\/wp\/v2\/categories?post=146672"},{"taxonomy":"post_tag","embeddable":true,"href":"https:\/\/corrientesdetarde.com\/index.php\/wp-json\/wp\/v2\/tags?post=146672"}],"curies":[{"name":"wp","href":"https:\/\/api.w.org\/{rel}","templated":true}]}}