{"id":146812,"date":"2024-05-12T12:24:07","date_gmt":"2024-05-12T15:24:07","guid":{"rendered":"https:\/\/corrientesdetarde.com\/?p=146812"},"modified":"2024-05-12T12:24:11","modified_gmt":"2024-05-12T15:24:11","slug":"boca-viaja-a-tucuman-en-su-debut-en-la-liga-profesional","status":"publish","type":"post","link":"https:\/\/corrientesdetarde.com\/index.php\/deportes\/boca-viaja-a-tucuman-en-su-debut-en-la-liga-profesional\/","title":{"rendered":"BOCA VIAJA A TUCUMAN EN SU DEBUT EN LA LIGA PROFESIONAL"},"content":{"rendered":"\n<h2 class=\"wp-block-heading\">El xeneize se mide al decano esta noche tras su ag\u00f3nico triunfo en Paraguay<\/h2>\n\n\n\n<p>(Corresponsal\u00eda Buenos Aires)La jornada inicial de la Liga Profesional continuar\u00e1 este domingo con cinco encuentros.<br>En primer turno, desde las 15.30 horas, San Lorenzo de Almagro estar\u00e1 visitando al Deportivo Riestra de Cristian Fabbiani tras su gran triunfo en Copa Libertadores ante Independiente del Valle como local.<br>Simult\u00e1neamente estar\u00e1 haciendo su primera presentaci\u00f3n el campe\u00f3n de la Copa de La Liga, Estudiantes de La Plata. El pincha se medir\u00e1 en Victoria a Tigre, de muy pobre presente futbol\u00edstico.<br>Posteriormente, a partir de las 17.45 horas, y conjuntamente con el duelo entre Lanus e Independiente Rivadavia de Mendoza en el sur, estar\u00e1n jugando Belgrano y Racing en C\u00f3rdoba. El equipo dirigido por Juan Cruz Real, que viene de igualar recientemente por Copa Sudamericana ante Delf\u00edn de Ecuador, buscar\u00e1 hacerse fuerte en su casa ante un Racing que ir\u00e1 por la recuperaci\u00f3n tras los traspi\u00e9s sufridos en Copa Argentina y Sudamericana, ante Talleres de Remedios de Escalada y Bragantino, respectivamente.<br>Finalmente, el domingo se cerrar\u00e1 con el encuentro que sostendr\u00e1n en el Monumental Jos\u00e9 Fierro Atl\u00e9tico Tucum\u00e1n y Boca Juniors a las 20.15 horas. Tras un flojo andar en la Copa de la Liga, el decano intentar\u00e1 revertir la p\u00e1lida imagen mostrada en los \u00faltimos meses ante un xeneize que viene de obtener un triunfo clave por Copa Sudamericana ante Sportivo Trinidense.<\/p>\n","protected":false},"excerpt":{"rendered":"<p>El xeneize se mide al decano esta noche tras su ag\u00f3nico triunfo en Paraguay (Corresponsal\u00eda Buenos Aires)La jornada inicial de la Liga Profesional continuar\u00e1 este domingo con cinco encuentros.En primer&hellip; <\/p>\n","protected":false},"author":11,"featured_media":146813,"comment_status":"closed","ping_status":"open","sticky":false,"template":"","format":"standard","meta":{"footnotes":""},"categories":[4],"tags":[304,2001,119,504,1930,1131,2000,1295,193],"class_list":["post-146812","post","type-post","status-publish","format-standard","has-post-thumbnail","hentry","category-deportes","tag-afa","tag-atletico-tucuman","tag-boca","tag-futbol","tag-horarios","tag-liga-profesional","tag-racing-2","tag-riestra","tag-san-lorenzo"],"_links":{"self":[{"href":"https:\/\/corrientesdetarde.com\/index.php\/wp-json\/wp\/v2\/posts\/146812","targetHints":{"allow":["GET"]}}],"collection":[{"href":"https:\/\/corrientesdetarde.com\/index.php\/wp-json\/wp\/v2\/posts"}],"about":[{"href":"https:\/\/corrientesdetarde.com\/index.php\/wp-json\/wp\/v2\/types\/post"}],"author":[{"embeddable":true,"href":"https:\/\/corrientesdetarde.com\/index.php\/wp-json\/wp\/v2\/users\/11"}],"replies":[{"embeddable":true,"href":"https:\/\/corrientesdetarde.com\/index.php\/wp-json\/wp\/v2\/comments?post=146812"}],"version-history":[{"count":2,"href":"https:\/\/corrientesdetarde.com\/index.php\/wp-json\/wp\/v2\/posts\/146812\/revisions"}],"predecessor-version":[{"id":146997,"href":"https:\/\/corrientesdetarde.com\/index.php\/wp-json\/wp\/v2\/posts\/146812\/revisions\/146997"}],"wp:featuredmedia":[{"embeddable":true,"href":"https:\/\/corrientesdetarde.com\/index.php\/wp-json\/wp\/v2\/media\/146813"}],"wp:attachment":[{"href":"https:\/\/corrientesdetarde.com\/index.php\/wp-json\/wp\/v2\/media?parent=146812"}],"wp:term":[{"taxonomy":"category","embeddable":true,"href":"https:\/\/corrientesdetarde.com\/index.php\/wp-json\/wp\/v2\/categories?post=146812"},{"taxonomy":"post_tag","embeddable":true,"href":"https:\/\/corrientesdetarde.com\/index.php\/wp-json\/wp\/v2\/tags?post=146812"}],"curies":[{"name":"wp","href":"https:\/\/api.w.org\/{rel}","templated":true}]}}