{"id":146825,"date":"2024-05-12T18:47:49","date_gmt":"2024-05-12T21:47:49","guid":{"rendered":"https:\/\/corrientesdetarde.com\/?p=146825"},"modified":"2024-05-12T18:48:01","modified_gmt":"2024-05-12T21:48:01","slug":"colombi-envio-una-carta-documento-pidiendo-informes-a-la-convencion","status":"publish","type":"post","link":"https:\/\/corrientesdetarde.com\/index.php\/politica\/colombi-envio-una-carta-documento-pidiendo-informes-a-la-convencion\/","title":{"rendered":"Colombi envi\u00f3 una carta documento pidiendo informes a la Convenci\u00f3n."},"content":{"rendered":"\n<h2 class=\"wp-block-heading\">La Uni\u00f3n C\u00edvica Radical sigue teniendo focos de conflicto entre sus referentes. El ex gobernador present\u00f3 un recurso para que la Convenci\u00f3n le presente informes de lo realizado el pasado 29 de abril.<\/h2>\n\n\n\n<p>El presidente de la Uni\u00f3n C\u00edvica Radical de Corrientes, Ricardo Colombi, intim\u00f3, mediante una carta documento, a las autoridades de la Convenci\u00f3n, para que informe sobre lo decidido en la \u00faltima reuni\u00f3n de ese cuerpo org\u00e1nico de la fuerza. \u00a0Cuestion\u00f3 las atribuciones de la Convenci\u00f3n y alert\u00f3 que acudir\u00e1 a la Justicia.<\/p>\n\n\n\n<p>&#8220;Solicito a usted en mi condici\u00f3n de Presidente del comit\u00e9 Central de la UCR Corrientes para que en plazo de 24 horas, a partir de la recepci\u00f3n de la presente informe debidamente a este \u00f3rgano que represento, conforme a los art\u00edculos 39 cc y sig, de la Carta Org\u00e1nica Provincial de la UCR, lo que se ha resultado en la reuni\u00f3n extraordinaria del 29 de abril de 2024, celebrada en la ciudad de Corrientes, donde al parecer se han prorrogado mandatos solo de ese cuerpo y designado autoridades partidarias, convocando a elecciones, etc; como tambi\u00e9n se han adoptado decisiones que violentan el dise\u00f1o de divisi\u00f3n de facultades que respeta lA COP de la UCR, pues las atribuciones de la Honorable Convenci\u00f3n est\u00e1n previstas en el cap\u00edtulo 1 arts. 28 y sig. de la COP de la UCR&#8221; , intima Colombi en su carta documento despachada el 8 de mayo.<\/p>\n\n\n\n<p>&#8220;De all\u00ed la necesidad de contar con la resoluci\u00f3n de la HC de la UCR a fin de garantizar \u00a0los derechos pol\u00edticos-colectivos de manera individual, que pueden afectar la decisi\u00f3n de ese \u00f3rgano pues viola el principio de divisi\u00f3n \u00a0org\u00e1nica de \u00a0funciones (poderes) , el principio de legalidad y que, de ser cierta la decisi\u00f3n que informan los medios de comunicaci\u00f3n, obligan a accionar judicialmente conforme los disponen los art 55y sig. de la ley 23298 (Ley Org\u00e1nica de Partidos Pol\u00edticos) y obliga a informar a las autoridades nacional de la Uni\u00f3n C\u00edvica Radical&#8221;.<\/p>\n\n\n\n<p>&#8220;De no contar con esta informaci\u00f3n solicitar\u00e9 al \u00f3rgano jurisdiccional de control efectue el requerimiento solicitado a fin de salvaguardar mis derechos pol\u00edtivos como la representaci\u00f3n que ostento -que al parecer- se ha declarado la caducidad de facto por lo resuelto por el \u00f3rgano que usted integra&#8221;, concluye.<\/p>\n\n\n\n<h2 class=\"wp-block-heading\">La Convenci\u00f3n<\/h2>\n\n\n\n<p>La Convenci\u00f3n resolvi\u00f3 por casi unanimidad fijar como fecha de elecciones internas el pr\u00f3ximo 27 de octubre, tanto para Comit\u00e9 Central y distritales como para la Juventud Radical.<\/p>\n\n\n\n<p>A su vez, se resolvi\u00f3 prorrogar los mandatos de los convencionales y de su Mesa Directiva hasta el 15 de noviembre, por lo cual ser\u00e1 esta la encargada de conducir este proceso de renovaci\u00f3n de autoridades.<\/p>\n\n\n\n<p>Es decir que sigue como presidente de la Convenci\u00f3n, Henry Fick, y vicepresidenta primera, Marcela S\u00e1nchez (Ituzaing\u00f3), quienes estar\u00e1n acompa\u00f1ados por Marcos Amarilla, Nuria Acosta, Mar\u00eda Alejandra Villalba y Ramiro Alejandro Galarza.<\/p>\n\n\n\n<p>En la ocasi\u00f3n tambi\u00e9n se design\u00f3 a Patricia L\u00f3pez, Jos\u00e9 Bestoso y Julio C\u00e9sar Cabral como miembros de Junta Electoral y a Alfredo Vallejos, &nbsp;Oscar Mart\u00ednez, Ver\u00f3nica Esp\u00edndola y Horacio Ortega como apoderados.<\/p>\n","protected":false},"excerpt":{"rendered":"<p>La Uni\u00f3n C\u00edvica Radical sigue teniendo focos de conflicto entre sus referentes. El ex gobernador present\u00f3 un recurso para que la Convenci\u00f3n le presente informes de lo realizado el pasado&hellip; <\/p>\n","protected":false},"author":6,"featured_media":146827,"comment_status":"closed","ping_status":"open","sticky":false,"template":"","format":"standard","meta":{"footnotes":""},"categories":[3],"tags":[],"class_list":["post-146825","post","type-post","status-publish","format-standard","has-post-thumbnail","hentry","category-politica"],"_links":{"self":[{"href":"https:\/\/corrientesdetarde.com\/index.php\/wp-json\/wp\/v2\/posts\/146825","targetHints":{"allow":["GET"]}}],"collection":[{"href":"https:\/\/corrientesdetarde.com\/index.php\/wp-json\/wp\/v2\/posts"}],"about":[{"href":"https:\/\/corrientesdetarde.com\/index.php\/wp-json\/wp\/v2\/types\/post"}],"author":[{"embeddable":true,"href":"https:\/\/corrientesdetarde.com\/index.php\/wp-json\/wp\/v2\/users\/6"}],"replies":[{"embeddable":true,"href":"https:\/\/corrientesdetarde.com\/index.php\/wp-json\/wp\/v2\/comments?post=146825"}],"version-history":[{"count":1,"href":"https:\/\/corrientesdetarde.com\/index.php\/wp-json\/wp\/v2\/posts\/146825\/revisions"}],"predecessor-version":[{"id":146830,"href":"https:\/\/corrientesdetarde.com\/index.php\/wp-json\/wp\/v2\/posts\/146825\/revisions\/146830"}],"wp:featuredmedia":[{"embeddable":true,"href":"https:\/\/corrientesdetarde.com\/index.php\/wp-json\/wp\/v2\/media\/146827"}],"wp:attachment":[{"href":"https:\/\/corrientesdetarde.com\/index.php\/wp-json\/wp\/v2\/media?parent=146825"}],"wp:term":[{"taxonomy":"category","embeddable":true,"href":"https:\/\/corrientesdetarde.com\/index.php\/wp-json\/wp\/v2\/categories?post=146825"},{"taxonomy":"post_tag","embeddable":true,"href":"https:\/\/corrientesdetarde.com\/index.php\/wp-json\/wp\/v2\/tags?post=146825"}],"curies":[{"name":"wp","href":"https:\/\/api.w.org\/{rel}","templated":true}]}}