{"id":146834,"date":"2024-05-12T19:29:36","date_gmt":"2024-05-12T22:29:36","guid":{"rendered":"https:\/\/corrientesdetarde.com\/?p=146834"},"modified":"2024-05-12T19:29:40","modified_gmt":"2024-05-12T22:29:40","slug":"crecida-del-rio-uruguay-mas-de-1000-personas-evacuadas","status":"publish","type":"post","link":"https:\/\/corrientesdetarde.com\/index.php\/informacion-general\/crecida-del-rio-uruguay-mas-de-1000-personas-evacuadas\/","title":{"rendered":"Crecida del R\u00edo Uruguay: m\u00e1s de 1000 personas evacuadas."},"content":{"rendered":"\n<h2 class=\"wp-block-heading\">En Corrientes se contabilizaron 533 personas y en Entre R\u00edos hay al menos 547 damnificados.<\/h2>\n\n\n\n<p>En las \u00faltimas horas, m\u00e1s de 1000 personas tuvieron que ser evacuadas en la regi\u00f3n del Litoral debido a una fuerte crecida del R\u00edo Uruguay que caus\u00f3 inundaciones en las provincias de Corrientes y Entre R\u00edos.<\/p>\n\n\n\n<p>En el caso de Corrientes, el Comando Operativo de Emergencias (COE) inform\u00f3 que el n\u00famero de afectados es de 533, distribuidos en las localidades de San Luis, Paso de los Libres, La Cruz, Yapey\u00fa, Santo Tom\u00e9, Alvear y Monte Caseros.<\/p>\n\n\n\n<p>En este contexto, la ingeniera agr\u00f3noma e investigadora Leila Hamze advirti\u00f3 al mismo medio que &#8220;el nivel de evacuaci\u00f3n para el r\u00edo Uruguay persistir\u00e1 hasta el d\u00eda 15 de mayo&#8221;. Adem\u00e1s, se\u00f1al\u00f3 que se espera que el pico m\u00e1ximo se d\u00e9 entre el viernes y el s\u00e1bado, para luego comenzar a descender, sin afectar a otras cuencas.<\/p>\n\n\n\n<p>En el caso de Entre R\u00edos, puntualmente en Concordia,&nbsp; se contabilizan al menos 547 damnificados, pertenecientes a 159 familias, de las cuales 60 se encuentran alojadas en centros de evacuados. Mientras que en la ciudad de Col\u00f3n, se registraron 26 grupos familiares que tuvieron que abandonar sus hogares.<\/p>\n\n\n\n<p>Seg\u00fan el reporte emitido el s\u00e1bado por la Comisi\u00f3n T\u00e9cnica Mixta de Salto Grande, entre las 7 y las 13 de este domingo el caudal evacuado variar\u00e1 entre 23.500 y 24.500 m\u00b3\/s, mientras que las alturas m\u00e1ximas en los puertos de Concordia y Salto no superar\u00e1n los valores de 13,90 y 14,10 metros, respectivamente.<\/p>\n\n\n\n<p>Adem\u00e1s, alrededor de una veintena de personas debieron ser asistidas el s\u00e1bado en Gualeguaych\u00fa, ya que el r\u00edo hom\u00f3nimo super\u00f3 la marca m\u00e1xima en la zona ribere\u00f1a en medio de una marcada sudestada.<\/p>\n\n\n\n<p>El titular del \u00e1rea de Defensa Civil, Nicol\u00e1s Bozzani, detall\u00f3 que el curso de agua super\u00f3 los 3,70 metros en el puerto, mientras que La Boca est\u00e1 creciendo y actualmente se encuentra en 3,48 metros, lo que complica el desag\u00fce natural del r\u00edo.<\/p>\n","protected":false},"excerpt":{"rendered":"<p>En Corrientes se contabilizaron 533 personas y en Entre R\u00edos hay al menos 547 damnificados. En las \u00faltimas horas, m\u00e1s de 1000 personas tuvieron que ser evacuadas en la regi\u00f3n&hellip; <\/p>\n","protected":false},"author":6,"featured_media":146836,"comment_status":"closed","ping_status":"open","sticky":false,"template":"","format":"standard","meta":{"footnotes":""},"categories":[1],"tags":[],"class_list":["post-146834","post","type-post","status-publish","format-standard","has-post-thumbnail","hentry","category-informacion-general"],"_links":{"self":[{"href":"https:\/\/corrientesdetarde.com\/index.php\/wp-json\/wp\/v2\/posts\/146834","targetHints":{"allow":["GET"]}}],"collection":[{"href":"https:\/\/corrientesdetarde.com\/index.php\/wp-json\/wp\/v2\/posts"}],"about":[{"href":"https:\/\/corrientesdetarde.com\/index.php\/wp-json\/wp\/v2\/types\/post"}],"author":[{"embeddable":true,"href":"https:\/\/corrientesdetarde.com\/index.php\/wp-json\/wp\/v2\/users\/6"}],"replies":[{"embeddable":true,"href":"https:\/\/corrientesdetarde.com\/index.php\/wp-json\/wp\/v2\/comments?post=146834"}],"version-history":[{"count":1,"href":"https:\/\/corrientesdetarde.com\/index.php\/wp-json\/wp\/v2\/posts\/146834\/revisions"}],"predecessor-version":[{"id":146837,"href":"https:\/\/corrientesdetarde.com\/index.php\/wp-json\/wp\/v2\/posts\/146834\/revisions\/146837"}],"wp:featuredmedia":[{"embeddable":true,"href":"https:\/\/corrientesdetarde.com\/index.php\/wp-json\/wp\/v2\/media\/146836"}],"wp:attachment":[{"href":"https:\/\/corrientesdetarde.com\/index.php\/wp-json\/wp\/v2\/media?parent=146834"}],"wp:term":[{"taxonomy":"category","embeddable":true,"href":"https:\/\/corrientesdetarde.com\/index.php\/wp-json\/wp\/v2\/categories?post=146834"},{"taxonomy":"post_tag","embeddable":true,"href":"https:\/\/corrientesdetarde.com\/index.php\/wp-json\/wp\/v2\/tags?post=146834"}],"curies":[{"name":"wp","href":"https:\/\/api.w.org\/{rel}","templated":true}]}}