{"id":146842,"date":"2024-05-12T19:53:56","date_gmt":"2024-05-12T22:53:56","guid":{"rendered":"https:\/\/corrientesdetarde.com\/?p=146842"},"modified":"2024-05-12T19:54:08","modified_gmt":"2024-05-12T22:54:08","slug":"paraguay-cierra-su-consulado-en-corrientes","status":"publish","type":"post","link":"https:\/\/corrientesdetarde.com\/index.php\/informacion-general\/paraguay-cierra-su-consulado-en-corrientes\/","title":{"rendered":"Paraguay cierra su consulado en Corrientes."},"content":{"rendered":"\n<h2 class=\"wp-block-heading\">La Canciller\u00eda de Paraguay confirm\u00f3 el cierre de su consulado en Corrientes y otras seis oficinas en el pa\u00eds, adem\u00e1s de cinco embajadas.<\/h2>\n\n\n\n<p>En Argentina, se cerrar\u00e1n unas catorce oficinas consulares que funcionan en Corrientes, Mendoza, C\u00f3rdoba y Neuqu\u00e9n. Tambi\u00e9n cerrar\u00e1n sus puertas las oficinas de Campo Grande y Porto Alegre (Brasil), y el de Villamontes (Bolivia). Y las embajadas de Canad\u00e1, Portugal, Egipto, Australia y Suiza.<\/p>\n\n\n\n<p>Seg\u00fan informaron los diarios ABC Color y \u00daltima Hora, la canciller\u00eda paraguaya no explic\u00f3 hasta ahora cu\u00e1les fueron los par\u00e1metros tenidos en cuenta para definir qu\u00e9 consulados y embajadas cerrar. S\u00f3lo se sabe que ser\u00edan razones econ\u00f3micas y de ahorro.<\/p>\n\n\n\n<p>Ante esta situaci\u00f3n general, pero en particular por lo llamativo del cierre del consulado en Corrientes, que tiene una extendida comunidad guaran\u00ed residiendo en la provincia, la C\u00e1mara de Diputados del vecino pa\u00eds pidi\u00f3 el mi\u00e9rcoles un informe al Ministerio de Relaciones Exteriores, cuyo titular es Rub\u00e9n Ram\u00edrez, sobre los motivos del cierre de los consulados en la Argentina, en particular de la provincia de Corrientes.<\/p>\n\n\n\n<p>El pedido fue impulsado por el diputado Diosnel Aguilera, quien indic\u00f3 en la sesi\u00f3n respectiva, que centenares de compatriotas realizaban sus gestiones y recib\u00edan atenci\u00f3n en el Consulado de Corrientes y que, alertados del cierre, elevaron su queja.<\/p>\n\n\n\n<p>Se estima que hay 5000 ciudadanos paraguayos habitando en la provincia, que ahora deber\u00e1n realizar sus tr\u00e1mites en la sede de Chaco.<\/p>\n","protected":false},"excerpt":{"rendered":"<p>La Canciller\u00eda de Paraguay confirm\u00f3 el cierre de su consulado en Corrientes y otras seis oficinas en el pa\u00eds, adem\u00e1s de cinco embajadas. En Argentina, se cerrar\u00e1n unas catorce oficinas&hellip; <\/p>\n","protected":false},"author":6,"featured_media":146844,"comment_status":"closed","ping_status":"open","sticky":false,"template":"","format":"standard","meta":{"footnotes":""},"categories":[1],"tags":[],"class_list":["post-146842","post","type-post","status-publish","format-standard","has-post-thumbnail","hentry","category-informacion-general"],"_links":{"self":[{"href":"https:\/\/corrientesdetarde.com\/index.php\/wp-json\/wp\/v2\/posts\/146842","targetHints":{"allow":["GET"]}}],"collection":[{"href":"https:\/\/corrientesdetarde.com\/index.php\/wp-json\/wp\/v2\/posts"}],"about":[{"href":"https:\/\/corrientesdetarde.com\/index.php\/wp-json\/wp\/v2\/types\/post"}],"author":[{"embeddable":true,"href":"https:\/\/corrientesdetarde.com\/index.php\/wp-json\/wp\/v2\/users\/6"}],"replies":[{"embeddable":true,"href":"https:\/\/corrientesdetarde.com\/index.php\/wp-json\/wp\/v2\/comments?post=146842"}],"version-history":[{"count":1,"href":"https:\/\/corrientesdetarde.com\/index.php\/wp-json\/wp\/v2\/posts\/146842\/revisions"}],"predecessor-version":[{"id":146845,"href":"https:\/\/corrientesdetarde.com\/index.php\/wp-json\/wp\/v2\/posts\/146842\/revisions\/146845"}],"wp:featuredmedia":[{"embeddable":true,"href":"https:\/\/corrientesdetarde.com\/index.php\/wp-json\/wp\/v2\/media\/146844"}],"wp:attachment":[{"href":"https:\/\/corrientesdetarde.com\/index.php\/wp-json\/wp\/v2\/media?parent=146842"}],"wp:term":[{"taxonomy":"category","embeddable":true,"href":"https:\/\/corrientesdetarde.com\/index.php\/wp-json\/wp\/v2\/categories?post=146842"},{"taxonomy":"post_tag","embeddable":true,"href":"https:\/\/corrientesdetarde.com\/index.php\/wp-json\/wp\/v2\/tags?post=146842"}],"curies":[{"name":"wp","href":"https:\/\/api.w.org\/{rel}","templated":true}]}}