{"id":146849,"date":"2024-05-12T20:01:03","date_gmt":"2024-05-12T23:01:03","guid":{"rendered":"https:\/\/corrientesdetarde.com\/?p=146849"},"modified":"2024-05-12T20:01:14","modified_gmt":"2024-05-12T23:01:14","slug":"el-mensaje-del-papa-francisco-en-la-misa-homenaje-al-padre-mugica-que-la-grieta-se-termine","status":"publish","type":"post","link":"https:\/\/corrientesdetarde.com\/index.php\/informacion-general\/el-mensaje-del-papa-francisco-en-la-misa-homenaje-al-padre-mugica-que-la-grieta-se-termine\/","title":{"rendered":"El mensaje del Papa Francisco en la misa homenaje al Padre Mugica: &#8220;Que la grieta se termine&#8221;."},"content":{"rendered":"\n<h2 class=\"wp-block-heading\">Con motivo del 50 aniversario del asesinato del sacerdote, este domingo se comparti\u00f3 con la comunidad un escrito del Sumo Pont\u00edfice como cierre de la \u201cSemana Mugica\u201d.<\/h2>\n\n\n\n<p>En la misa en memoria del\u00a0<strong>padre Carlos Mugica<\/strong>, asesinado el 11 de mayo de 1974 en la puerta de la parroquia San Francisco Solano del barrio Mataderos, se ley\u00f3\u00a0<strong>una carta del Papa Francisco<\/strong>\u00a0este domingo 12 de mayo en el Luna Park.<\/p>\n\n\n\n<p>\u201cEn el cincuentenario de la muerte violenta del Padre Mugica quiero saludar a todos los que se re\u00fanen para celebrar este aniversario\u201d, escribi\u00f3 el Sumo Pont\u00edfice. Francisco adem\u00e1s afirm\u00f3 que \u201ccomo en toda celebraci\u00f3n de la Iglesia -que es mucho m\u00e1s que una conmemoraci\u00f3n hist\u00f3rica- se da la ocasi\u00f3n para renovar la presencia fraterna y comprometida entre aquellos que cargan cruces pesadas. Les agradezco y los animo a&nbsp;<strong>continuar poniendo el coraz\u00f3n y el cuerpo al lado de los que sufren todo tipo de pobreza<\/strong>\u201d.<\/p>\n\n\n\n<p>Asimismo, el Papa destac\u00f3: \u201cEl Padre Carlos alienta aun hoy a que en cada barrio se fortalezca una comunidad que se organiza para acompa\u00f1ar la vida de nuestro pueblo y\u00a0<strong>nos interpela a luchar contra todo tipo de injusticia<\/strong>, a tener un di\u00e1logo inteligente con el Estado y con la sociedad\u201d. A su vez, agreg\u00f3 que \u201c\u00e9l nos ense\u00f1a a\u00a0<strong>no dejarnos arrastrar por la colonizaci\u00f3n ideol\u00f3gica<\/strong>, ni por la cultura de la indiferencia. Pidamos al se\u00f1or que los principios de la Doctrina Social de la Iglesia fructifiquen en nuestras comunidades y, a trav\u00e9s de ellas, en toda la vida social\u201d.<\/p>\n\n\n\n<p>\u201cQue todos podamos buscar lugares de integraci\u00f3n descartando la descalificaci\u00f3n del otro.\u00a0<strong>Que la grieta se termine<\/strong>, no con silencios y complicidades, sino mir\u00e1ndonos a los ojos, reconociendo errores y erradicando la exclusi\u00f3n\u201d, concluy\u00f3 el Papa Francisco.<\/p>\n\n\n\n<p>Por su parte, el arzobispo de Buenos Aires, monse\u00f1or\u00a0<strong>Jorge Garc\u00eda Cuerva<\/strong>, a cargo de la homil\u00eda en la misa por los 50 a\u00f1os del asesinato del Padre Carlos Mugica, record\u00f3 a \u201cquien entreg\u00f3 su vida por Jes\u00fas y el Evangelio, jug\u00e1ndose por entero en la Argentina convulsionada y violenta de las d\u00e9cadas del sesenta y setenta\u201d.<\/p>\n\n\n\n<p>\u201cQueremos con los ojos limpios por&nbsp;<strong>las l\u00e1grimas de tanto llanto de nuestro pueblo por muchos fracasos<\/strong>, por promesas incumplidas y por una calidad de vida que se fue deteriorando a pasos agigantados a lo largo de estos 50 a\u00f1os, rezar juntos y hacerlo desde aquella oraci\u00f3n de Mugica que conocemos y tiene a\u00fan tanta vigencia &#8211;<em>Meditaci\u00f3n en la villa<\/em>-, escrita por \u00e9l en 1972\u2033, enfatiz\u00f3 Garc\u00eda Cuerva.<\/p>\n\n\n\n<p>El arzobispo de Buenos Aires tambi\u00e9n resalt\u00f3 que a Carlos Mugica \u201c<strong>lo mataron porque sab\u00edan que su muerte provocar\u00eda una gran conmoci\u00f3n<\/strong>, y&nbsp;<strong>apostaban al caos<\/strong>&nbsp;que se cern\u00eda como una tormenta sobre los argentinos, que con los a\u00f1os quedaron af\u00f3nicos de reclamar paz y libertad. Cincuenta a\u00f1os despu\u00e9s, prestamos nuestras voces para seguir reclamando por la paz y la justicia, convencidos de que<strong>&nbsp;la violencia no es el camino<\/strong>\u201d.<\/p>\n\n\n\n<p><img loading=\"lazy\" decoding=\"async\" alt=\"La homil\u00eda por los 50 a\u00f1os del asesinato del Padre Carlos Mugica\" height=\"774\" width=\"1920\" class=\"\" src=\"https:\/\/www.infobae.com\/new-resizer\/ryg3tZ7M0UejwInVvumytGQUgJ8=\/420x187\/filters:format(webp):quality(85)\/cloudfront-us-east-1.images.arcpublishing.com\/infobae\/OXI47OUGJZCBJEAIL6RXZTXESQ.jpg%20420w\" srcset=\"https:\/\/www.infobae.com\/new-resizer\/ryg3tZ7M0UejwInVvumytGQUgJ8=\/420x187\/filters:format(webp):quality(85)\/cloudfront-us-east-1.images.arcpublishing.com\/infobae\/OXI47OUGJZCBJEAIL6RXZTXESQ.jpg 420w,https:\/\/www.infobae.com\/new-resizer\/n3kIFOLhLAXzzx0afeM7M4Ry-3E=\/768x341\/filters:format(webp):quality(85)\/cloudfront-us-east-1.images.arcpublishing.com\/infobae\/OXI47OUGJZCBJEAIL6RXZTXESQ.jpg 768w,https:\/\/www.infobae.com\/new-resizer\/XGwsm_86R0P1CiKvKRjt6ifBr_E=\/992x441\/filters:format(webp):quality(85)\/cloudfront-us-east-1.images.arcpublishing.com\/infobae\/OXI47OUGJZCBJEAIL6RXZTXESQ.jpg 992w,https:\/\/www.infobae.com\/new-resizer\/0xuoi9yU-PxUEPmHDdaT2-rM_8w=\/1200x533\/filters:format(webp):quality(85)\/cloudfront-us-east-1.images.arcpublishing.com\/infobae\/OXI47OUGJZCBJEAIL6RXZTXESQ.jpg 1200w\">La homil\u00eda por los 50 a\u00f1os del asesinato del Padre Carlos Mugica<\/p>\n\n\n\n<p>En el contexto de la denominada&nbsp;<strong>\u201cSemana Mugica\u201d<\/strong>, esta ma\u00f1ana el Equipo de Sacerdotes de Villas y Barrios Populares de la Argentina y la Familia Grande Hogar de Cristo invitaron a las celebraciones centrales por el 50\u00b0 aniversario del martirio del sacerdote inspirados en el lema \u201cMugica vive en el coraz\u00f3n de su pueblo\u201d.<\/p>\n\n\n\n<p>La marcha y peregrinaci\u00f3n sali\u00f3 desde la Catedral de Buenos Aires hacia el estadio Luna Park, en Av. Corrientes y Bouchard. All\u00ed fue donde se celebr\u00f3 la misa presidida por Jorge Garc\u00eda Cuerva. All\u00ed,\u00a0<strong>los sacerdotes villeros leyeron un comunicado<\/strong>\u00a0renovando el compromiso de la Iglesia entre los m\u00e1s pobres. Luego de la misa, dio comienzo un festival compartido en clima comunitario.<\/p>\n\n\n\n<figure class=\"wp-block-image size-full\"><img loading=\"lazy\" decoding=\"async\" width=\"768\" height=\"432\" src=\"https:\/\/corrientesdetarde.com\/wp-content\/uploads\/2024\/05\/image-207.png\" alt=\"\" class=\"wp-image-146853\" srcset=\"https:\/\/corrientesdetarde.com\/wp-content\/uploads\/2024\/05\/image-207.png 768w, https:\/\/corrientesdetarde.com\/wp-content\/uploads\/2024\/05\/image-207-300x169.png 300w\" sizes=\"auto, (max-width: 768px) 100vw, 768px\" \/><\/figure>\n","protected":false},"excerpt":{"rendered":"<p>Con motivo del 50 aniversario del asesinato del sacerdote, este domingo se comparti\u00f3 con la comunidad un escrito del Sumo Pont\u00edfice como cierre de la \u201cSemana Mugica\u201d. En la misa&hellip; <\/p>\n","protected":false},"author":6,"featured_media":146854,"comment_status":"closed","ping_status":"open","sticky":false,"template":"","format":"standard","meta":{"footnotes":""},"categories":[1],"tags":[],"class_list":["post-146849","post","type-post","status-publish","format-standard","has-post-thumbnail","hentry","category-informacion-general"],"_links":{"self":[{"href":"https:\/\/corrientesdetarde.com\/index.php\/wp-json\/wp\/v2\/posts\/146849","targetHints":{"allow":["GET"]}}],"collection":[{"href":"https:\/\/corrientesdetarde.com\/index.php\/wp-json\/wp\/v2\/posts"}],"about":[{"href":"https:\/\/corrientesdetarde.com\/index.php\/wp-json\/wp\/v2\/types\/post"}],"author":[{"embeddable":true,"href":"https:\/\/corrientesdetarde.com\/index.php\/wp-json\/wp\/v2\/users\/6"}],"replies":[{"embeddable":true,"href":"https:\/\/corrientesdetarde.com\/index.php\/wp-json\/wp\/v2\/comments?post=146849"}],"version-history":[{"count":1,"href":"https:\/\/corrientesdetarde.com\/index.php\/wp-json\/wp\/v2\/posts\/146849\/revisions"}],"predecessor-version":[{"id":146856,"href":"https:\/\/corrientesdetarde.com\/index.php\/wp-json\/wp\/v2\/posts\/146849\/revisions\/146856"}],"wp:featuredmedia":[{"embeddable":true,"href":"https:\/\/corrientesdetarde.com\/index.php\/wp-json\/wp\/v2\/media\/146854"}],"wp:attachment":[{"href":"https:\/\/corrientesdetarde.com\/index.php\/wp-json\/wp\/v2\/media?parent=146849"}],"wp:term":[{"taxonomy":"category","embeddable":true,"href":"https:\/\/corrientesdetarde.com\/index.php\/wp-json\/wp\/v2\/categories?post=146849"},{"taxonomy":"post_tag","embeddable":true,"href":"https:\/\/corrientesdetarde.com\/index.php\/wp-json\/wp\/v2\/tags?post=146849"}],"curies":[{"name":"wp","href":"https:\/\/api.w.org\/{rel}","templated":true}]}}