{"id":146851,"date":"2024-05-12T20:03:14","date_gmt":"2024-05-12T23:03:14","guid":{"rendered":"https:\/\/corrientesdetarde.com\/?p=146851"},"modified":"2024-05-12T20:03:17","modified_gmt":"2024-05-12T23:03:17","slug":"para-milei-ahora-si-las-malvinas-son-argentinas","status":"publish","type":"post","link":"https:\/\/corrientesdetarde.com\/index.php\/politica\/para-milei-ahora-si-las-malvinas-son-argentinas\/","title":{"rendered":"PARA MILEI AHORA SI LAS MALVINAS SON ARGENTINAS"},"content":{"rendered":"\n<p>(Corresponsal\u00eda Buenos Aires) &#8211; Entre la firmeza y las contradicciones, el presidente Javier Milei ha reafirmado su postura sobre la soberan\u00eda de las Islas Malvinas, declarando que estas son argentinas y est\u00e1n siendo ocupadas por el Reino Unido. Sin embargo, sus declaraciones tambi\u00e9n han dejado entrever ciertas contradicciones en su enfoque hacia la resoluci\u00f3n del conflicto.<\/p>\n\n\n\n<p>En una entrevista con el diario chileno El Mercurio, Milei afirm\u00f3 que su gobierno reclama la soberan\u00eda de las Islas y aboga por una soluci\u00f3n diplom\u00e1tica al conflicto, compar\u00e1ndolo incluso con el caso de Hong Kong y China. Sin embargo, estas palabras contrastan con la presencia de un afiche de Margaret Thatcher en su despacho, lo que sugiere una admiraci\u00f3n hacia la ex primera ministra brit\u00e1nica, quien fue una figura central en el conflicto de las Malvinas.<\/p>\n\n\n\n<p>Si bien Milei asegura que su gobierno trabajar\u00e1 en una hoja de ruta clara para que las Islas Malvinas vuelvan a manos argentinas, tambi\u00e9n reconoce que la resoluci\u00f3n del conflicto demandar\u00e1 tiempo y esfuerzo diplom\u00e1tico.<\/p>\n\n\n\n<p>Estas declaraciones reflejan una dualidad en la postura de Milei: por un lado, la firmeza en su reclamo por la soberan\u00eda de las Islas Malvinas, y por otro, la b\u00fasqueda de una soluci\u00f3n pac\u00edfica y diplom\u00e1tica al conflicto. Sin embargo, la presencia de s\u00edmbolos vinculados al Reino Unido en su entorno pol\u00edtico plantea interrogantes sobre la coherencia de su postura.<\/p>\n","protected":false},"excerpt":{"rendered":"<p>(Corresponsal\u00eda Buenos Aires) &#8211; Entre la firmeza y las contradicciones, el presidente Javier Milei ha reafirmado su postura sobre la soberan\u00eda de las Islas Malvinas, declarando que estas son argentinas&hellip; <\/p>\n","protected":false},"author":11,"featured_media":146857,"comment_status":"closed","ping_status":"open","sticky":false,"template":"","format":"standard","meta":{"footnotes":""},"categories":[26,3],"tags":[86,336],"class_list":["post-146851","post","type-post","status-publish","format-standard","has-post-thumbnail","hentry","category-destacados","category-politica","tag-malvinas","tag-milei"],"_links":{"self":[{"href":"https:\/\/corrientesdetarde.com\/index.php\/wp-json\/wp\/v2\/posts\/146851","targetHints":{"allow":["GET"]}}],"collection":[{"href":"https:\/\/corrientesdetarde.com\/index.php\/wp-json\/wp\/v2\/posts"}],"about":[{"href":"https:\/\/corrientesdetarde.com\/index.php\/wp-json\/wp\/v2\/types\/post"}],"author":[{"embeddable":true,"href":"https:\/\/corrientesdetarde.com\/index.php\/wp-json\/wp\/v2\/users\/11"}],"replies":[{"embeddable":true,"href":"https:\/\/corrientesdetarde.com\/index.php\/wp-json\/wp\/v2\/comments?post=146851"}],"version-history":[{"count":2,"href":"https:\/\/corrientesdetarde.com\/index.php\/wp-json\/wp\/v2\/posts\/146851\/revisions"}],"predecessor-version":[{"id":146859,"href":"https:\/\/corrientesdetarde.com\/index.php\/wp-json\/wp\/v2\/posts\/146851\/revisions\/146859"}],"wp:featuredmedia":[{"embeddable":true,"href":"https:\/\/corrientesdetarde.com\/index.php\/wp-json\/wp\/v2\/media\/146857"}],"wp:attachment":[{"href":"https:\/\/corrientesdetarde.com\/index.php\/wp-json\/wp\/v2\/media?parent=146851"}],"wp:term":[{"taxonomy":"category","embeddable":true,"href":"https:\/\/corrientesdetarde.com\/index.php\/wp-json\/wp\/v2\/categories?post=146851"},{"taxonomy":"post_tag","embeddable":true,"href":"https:\/\/corrientesdetarde.com\/index.php\/wp-json\/wp\/v2\/tags?post=146851"}],"curies":[{"name":"wp","href":"https:\/\/api.w.org\/{rel}","templated":true}]}}