{"id":146954,"date":"2024-05-13T12:10:03","date_gmt":"2024-05-13T15:10:03","guid":{"rendered":"https:\/\/corrientesdetarde.com\/?p=146954"},"modified":"2024-05-13T12:10:15","modified_gmt":"2024-05-13T15:10:15","slug":"lousteau-pidio-cambios-en-la-ley-bases-hay-una-presion-desmedida-para-hacer-las-cosas-rapido-y-no-hacer-las-cosas-bien","status":"publish","type":"post","link":"https:\/\/corrientesdetarde.com\/index.php\/politica\/lousteau-pidio-cambios-en-la-ley-bases-hay-una-presion-desmedida-para-hacer-las-cosas-rapido-y-no-hacer-las-cosas-bien\/","title":{"rendered":"Lousteau pidi\u00f3 cambios en la Ley Bases: \u201cHay una presi\u00f3n desmedida para hacer las cosas r\u00e1pido y no hacer las cosas bien\u201d"},"content":{"rendered":"\n<p>El senador radical\u00a0<strong>Mart\u00edn Lousteau<\/strong>\u00a0volvi\u00f3 a reclamar cambios en la redacci\u00f3n de la Ley Bases y el paquete fiscal que se discuten en la C\u00e1mara Alta y rechaz\u00f3 las cr\u00edticas del oficialismo -y parte de la oposici\u00f3n dialoguista- para apurar su tratamiento. \u201c<strong>Hay una presi\u00f3n desmedida para hacer las cosas r\u00e1pido y no hacer las cosas bien<\/strong>\u201d, sostuvo.<a href=\"https:\/\/www.infobae.com\/politica\/2024\/05\/13\/un-cambio-en-el-gobierno-oxigenaria-algunas-areas-aseguro-miguel-angel-pichetto\/\" target=\"_blank\" rel=\"noreferrer noopener\"><\/a><\/p>\n\n\n\n<p><\/p>\n\n\n\n<p>\u201cCada vez que la leo, y eso que la le\u00ed, encuentro una cosa nueva\u201d, agreg\u00f3, y&nbsp;<strong>apunt\u00f3 contra el R\u00e9gimen de Incentivos a las Grandes Inversiones (RIGI), el blanqueo, y el R\u00e9gimen Especial de Ingreso de Bienes Personales<\/strong>, a lo que calific\u00f3 como \u201cescandalosos\u201d. \u201cEl que no pag\u00f3 en la Argentina, porque evadi\u00f3 o se fue, va a tener m\u00e1s estabilidad y premio que el que se qued\u00f3 pagando impuestos\u201d, advirti\u00f3.<\/p>\n\n\n\n<p>En este sentido, y en di\u00e1logo en Radio Con Vos, Lousteau sostuvo que \u201cel proceso en Diputados fue muy extenuante y la verdad hay que seguir corrigi\u00e9ndolo; no puede ser que porque pas\u00f3 (en la C\u00e1mara Baja) no se pueda tocar o mejorar\u201d.<a href=\"https:\/\/www.infobae.com\/politica\/2024\/05\/13\/el-gobierno-anuncio-la-emergencia-ferroviaria-tras-el-choque-de-trenes-en-palermo\/\" target=\"_blank\" rel=\"noreferrer noopener\"><\/a><\/p>\n\n\n\n<p><\/p>\n\n\n\n<p>El senador, que preside la UCR, tambi\u00e9n le contest\u00f3 el presidente del bloque PRO,&nbsp;<strong>Luis Juez<\/strong>, que la semana pasada lo acus\u00f3 en forma ir\u00f3nica de representar al kirchnerismo. \u201cNo lo escucho hablar en la comisi\u00f3n defendiendo al proyecto; si quiere debatirlo, lo invito donde quiera, sobre los temas del proyecto. Nuestro deber esa hacer las cosas bien, sobre todo porque es legislaci\u00f3n que impacta en los pr\u00f3ximos 30 a\u00f1os\u201d, expres\u00f3.<\/p>\n\n\n\n<p>El senador Mart\u00edn Lousteau<\/p>\n\n\n\n<h2 class=\"wp-block-heading\">Queja formal contra Juez<\/h2>\n\n\n\n<p>En esta l\u00ednea,\u00a0<strong>la UCR Nacional emiti\u00f3 ayer un comunicado para rechazar las cr\u00edticas de Juez a Lousteau<\/strong>. \u201cLuego de tres reuniones de comisi\u00f3n en las que Juez ni siquiera particip\u00f3, solo habl\u00f3 para agredir al presidente de la UCR, que cumpli\u00f3 con su tarea como senador de la Naci\u00f3n, estudiando las leyes, haciendo preguntas a los funcionarios del gobierno y proponiendo alternativas\u201d, comenz\u00f3 el texto.<\/p>\n\n\n\n<p><a href=\"https:\/\/www.infobae.com\/politica\/2024\/05\/13\/pepe-mujica-cree-que-javier-milei-se-convirtio-en-presidente-por-la-hiperinflacion-que-genero-el-kirchnerismo-y-no-se-hacen-cargo\/\" target=\"_blank\" rel=\"noreferrer noopener\"><\/a><\/p>\n\n\n\n<p><\/p>\n\n\n\n<p>\u201cEstamos frente a una Ley que va a marcar los pr\u00f3ximos a\u00f1os en la vida y las posibilidades de desarrollo de todos los argentinos. Merece ser debatida en profundidad. Contempla uno de los blanqueos m\u00e1s generosos de la historia para beneficiar a aquellos que no pagan impuestos mientras implica un aumento de impuesto a la clase media\u201d, prosigui\u00f3<\/p>\n\n\n\n<p>Seg\u00fan el centenario partido, las leyes que busca el Gobierno \u201cson iniciativas que no incluyen una recomposici\u00f3n para nuestros adultos mayores que vienen perdiendo poder adquisitivo desde hace meses, ni garantizan el funcionamiento a la educaci\u00f3n universitaria\u201d.<\/p>\n\n\n\n<p>\u201cRechazamos y advertimos las peligrosas maniobras de disciplinamiento que se intentan desde el oficialismo o sus aliados contra cualquier actor que, en cumplimento de su tarea y rol asignado por la ciudadan\u00eda, manifiesta disidencias o preocupaciones sobre el impacto de la iniciativa parlamentaria en debate\u201d, finaliz\u00f3 la UCR.<\/p>\n\n\n\n<p>De cara al seguimiento del an\u00e1lisis de las dos iniciativas en el plenario de las comisiones de Legislaci\u00f3n General; Presupuesto y Hacienda; y Asuntos Constitucionales, otro senador radical, el bonaerense Maximiliano Abad, expres\u00f3 en declaraciones a radio Rivadavia que \u201cfrente a los distintos planteos que se pueden hacer para una mejorar la ley, no veo a nadie del oficialismo con l\u00e1piz y papel produciendo las reformas y juntando la cantidad de senadores que necesita\u201d.<\/p>\n\n\n\n<p>Bajo ese panorama, Abad desliz\u00f3 que si el oficialismo no mejora la gesti\u00f3n de ambos proyectos, podr\u00eda demorarse la firma de los dict\u00e1menes.<\/p>\n\n\n\n<h2 class=\"wp-block-heading\">Tres propuestas y voto clave<\/h2>\n\n\n\n<p>M\u00e1s all\u00e1 de sus declaraciones radicales, Lousteau subi\u00f3 ayer un video a sus redes para activar\u00a0un reclamo de tres puntos\u00a0para definir el acompa\u00f1amiento a los proyectos que empuja el Gobierno libertario.\u00a0<strong>Su voto es uno de los siete claves en juego<\/strong>.<\/p>\n\n\n\n<p>\u201cHay tres cosas que faltan en el paquete fiscal y en la ley bases.&nbsp;La primera es una recomposici\u00f3n de las jubilaciones y pensiones, que perdieron un gran porcentaje desde que asumi\u00f3 este gobierno\u201d, asegur\u00f3.<\/p>\n\n\n\n<p>\u201cLa segunda es un financiamiento a las universidades. Los gastos de funcionamiento cayeron mucho y tienen riesgo de poder seguir continuando\u201d, agreg\u00f3.<\/p>\n\n\n\n<p>En tercer lugar, el titular de la UCR dej\u00f3 en claro que la Argentina est\u00e1 \u201crepleta de obras p\u00fablicas peque\u00f1as a las que le falta muy poquito para ser terminadas\u201d y que \u201ces m\u00e1s caro pararlas y dejarlas caer, que terminar el financiamiento\u201d.<\/p>\n","protected":false},"excerpt":{"rendered":"<p>El senador radical\u00a0Mart\u00edn Lousteau\u00a0volvi\u00f3 a reclamar cambios en la redacci\u00f3n de la Ley Bases y el paquete fiscal que se discuten en la C\u00e1mara Alta y rechaz\u00f3 las cr\u00edticas del&hellip; <\/p>\n","protected":false},"author":12,"featured_media":146983,"comment_status":"closed","ping_status":"open","sticky":false,"template":"","format":"standard","meta":{"footnotes":""},"categories":[3],"tags":[],"class_list":["post-146954","post","type-post","status-publish","format-standard","has-post-thumbnail","hentry","category-politica"],"_links":{"self":[{"href":"https:\/\/corrientesdetarde.com\/index.php\/wp-json\/wp\/v2\/posts\/146954","targetHints":{"allow":["GET"]}}],"collection":[{"href":"https:\/\/corrientesdetarde.com\/index.php\/wp-json\/wp\/v2\/posts"}],"about":[{"href":"https:\/\/corrientesdetarde.com\/index.php\/wp-json\/wp\/v2\/types\/post"}],"author":[{"embeddable":true,"href":"https:\/\/corrientesdetarde.com\/index.php\/wp-json\/wp\/v2\/users\/12"}],"replies":[{"embeddable":true,"href":"https:\/\/corrientesdetarde.com\/index.php\/wp-json\/wp\/v2\/comments?post=146954"}],"version-history":[{"count":1,"href":"https:\/\/corrientesdetarde.com\/index.php\/wp-json\/wp\/v2\/posts\/146954\/revisions"}],"predecessor-version":[{"id":146984,"href":"https:\/\/corrientesdetarde.com\/index.php\/wp-json\/wp\/v2\/posts\/146954\/revisions\/146984"}],"wp:featuredmedia":[{"embeddable":true,"href":"https:\/\/corrientesdetarde.com\/index.php\/wp-json\/wp\/v2\/media\/146983"}],"wp:attachment":[{"href":"https:\/\/corrientesdetarde.com\/index.php\/wp-json\/wp\/v2\/media?parent=146954"}],"wp:term":[{"taxonomy":"category","embeddable":true,"href":"https:\/\/corrientesdetarde.com\/index.php\/wp-json\/wp\/v2\/categories?post=146954"},{"taxonomy":"post_tag","embeddable":true,"href":"https:\/\/corrientesdetarde.com\/index.php\/wp-json\/wp\/v2\/tags?post=146954"}],"curies":[{"name":"wp","href":"https:\/\/api.w.org\/{rel}","templated":true}]}}