{"id":146956,"date":"2024-05-13T10:56:58","date_gmt":"2024-05-13T13:56:58","guid":{"rendered":"https:\/\/corrientesdetarde.com\/?p=146956"},"modified":"2024-05-13T10:57:10","modified_gmt":"2024-05-13T13:57:10","slug":"se-suma-conectividad-en-la-zona-de-santa-catalina","status":"publish","type":"post","link":"https:\/\/corrientesdetarde.com\/index.php\/informacion-general\/se-suma-conectividad-en-la-zona-de-santa-catalina\/","title":{"rendered":"SE SUMA CONECTIVIDAD EN LA ZONA DE SANTA CATALINA"},"content":{"rendered":"\n<p><br>Esta ma\u00f1ana el gobernador Dr Gustavo Vald\u00e9s en el marco de las inauguraciones en Santa Catalina,\u00a0su mensaje destac\u00f3 la importancia de la obra porque vincula el ex regimiento de Santa Catalina en al zona sur donde estamos con el mayor desarrollo y es una de las pocas avenidas paralelas a Maip\u00fa que empezar\u00e1 a dar circulaci\u00f3n.<\/p>\n\n\n\n<p>&#8220;Se calcula entre 700 y mil millones de pesos de inversi\u00f3n en infraestructura para que sea una alternativa de circulaci\u00f3n para todos los vecinos a la vez de articular la avenida Nini Flores a la entrada del regimiento de Santa catalina donde se est\u00e1 haciendo una gran inversi\u00f3n en ductos pluviales&#8221;.<\/p>\n","protected":false},"excerpt":{"rendered":"<p>Esta ma\u00f1ana el gobernador Dr Gustavo Vald\u00e9s en el marco de las inauguraciones en Santa Catalina,\u00a0su mensaje destac\u00f3 la importancia de la obra porque vincula el ex regimiento de Santa&hellip; <\/p>\n","protected":false},"author":12,"featured_media":137125,"comment_status":"closed","ping_status":"open","sticky":false,"template":"","format":"standard","meta":{"footnotes":""},"categories":[1],"tags":[],"class_list":["post-146956","post","type-post","status-publish","format-standard","has-post-thumbnail","hentry","category-informacion-general"],"_links":{"self":[{"href":"https:\/\/corrientesdetarde.com\/index.php\/wp-json\/wp\/v2\/posts\/146956","targetHints":{"allow":["GET"]}}],"collection":[{"href":"https:\/\/corrientesdetarde.com\/index.php\/wp-json\/wp\/v2\/posts"}],"about":[{"href":"https:\/\/corrientesdetarde.com\/index.php\/wp-json\/wp\/v2\/types\/post"}],"author":[{"embeddable":true,"href":"https:\/\/corrientesdetarde.com\/index.php\/wp-json\/wp\/v2\/users\/12"}],"replies":[{"embeddable":true,"href":"https:\/\/corrientesdetarde.com\/index.php\/wp-json\/wp\/v2\/comments?post=146956"}],"version-history":[{"count":1,"href":"https:\/\/corrientesdetarde.com\/index.php\/wp-json\/wp\/v2\/posts\/146956\/revisions"}],"predecessor-version":[{"id":146973,"href":"https:\/\/corrientesdetarde.com\/index.php\/wp-json\/wp\/v2\/posts\/146956\/revisions\/146973"}],"wp:featuredmedia":[{"embeddable":true,"href":"https:\/\/corrientesdetarde.com\/index.php\/wp-json\/wp\/v2\/media\/137125"}],"wp:attachment":[{"href":"https:\/\/corrientesdetarde.com\/index.php\/wp-json\/wp\/v2\/media?parent=146956"}],"wp:term":[{"taxonomy":"category","embeddable":true,"href":"https:\/\/corrientesdetarde.com\/index.php\/wp-json\/wp\/v2\/categories?post=146956"},{"taxonomy":"post_tag","embeddable":true,"href":"https:\/\/corrientesdetarde.com\/index.php\/wp-json\/wp\/v2\/tags?post=146956"}],"curies":[{"name":"wp","href":"https:\/\/api.w.org\/{rel}","templated":true}]}}