{"id":146974,"date":"2024-05-13T11:05:56","date_gmt":"2024-05-13T14:05:56","guid":{"rendered":"https:\/\/corrientesdetarde.com\/?p=146974"},"modified":"2024-05-13T11:06:07","modified_gmt":"2024-05-13T14:06:07","slug":"el-segundo-lunes-de-mayo-se-celebra-el-dia-nacional-del-actor-y-la-actriz","status":"publish","type":"post","link":"https:\/\/corrientesdetarde.com\/index.php\/eventossociedad\/el-segundo-lunes-de-mayo-se-celebra-el-dia-nacional-del-actor-y-la-actriz\/","title":{"rendered":"El segundo lunes de mayo se celebra el D\u00eda Nacional del Actor y la Actriz"},"content":{"rendered":"\n<p><br>En 1991, la Asociaci\u00f3n Argentina de Actores y Actrices comenz\u00f3 a otorgar los Premios Podest\u00e1 para reconocer a quienes se destacan en la actuaci\u00f3n argentina, mostrando compromiso con su trabajo y la comunidad. Al a\u00f1o siguiente, el Senado de la Naci\u00f3n se sum\u00f3 al reconocimiento entregando un Diploma de Honor a los galardonados por la Asociaci\u00f3n. Esto estableci\u00f3 que la fecha de entrega de los Premios Podest\u00e1 sea el segundo lunes de mayo. El 30 de septiembre de 1992, se aprob\u00f3 por unanimidad la Ley 24.171, que designa el segundo lunes de mayo de cada a\u00f1o como el D\u00eda Nacional del Actor y la Actriz.<br><\/p>\n\n\n\n<p>\u00a1FELIZ\u00a0DIA\u00a0COLEGAS!<\/p>\n\n\n\n<p class=\"has-text-align-center\">Prof.<a href=\"https:\/\/www.instagram.com\/silvia__pozo\/\" target=\"_blank\" rel=\"noreferrer noopener\"> Maria Silvia Pozo<\/a>; narradora oral y actriz. Integrante del\u00a0grupo\u00a0Nereidas<\/p>\n","protected":false},"excerpt":{"rendered":"<p>En 1991, la Asociaci\u00f3n Argentina de Actores y Actrices comenz\u00f3 a otorgar los Premios Podest\u00e1 para reconocer a quienes se destacan en la actuaci\u00f3n argentina, mostrando compromiso con su trabajo&hellip; <\/p>\n","protected":false},"author":1,"featured_media":146975,"comment_status":"closed","ping_status":"open","sticky":false,"template":"","format":"standard","meta":{"footnotes":""},"categories":[1208],"tags":[],"class_list":["post-146974","post","type-post","status-publish","format-standard","has-post-thumbnail","hentry","category-eventossociedad"],"_links":{"self":[{"href":"https:\/\/corrientesdetarde.com\/index.php\/wp-json\/wp\/v2\/posts\/146974","targetHints":{"allow":["GET"]}}],"collection":[{"href":"https:\/\/corrientesdetarde.com\/index.php\/wp-json\/wp\/v2\/posts"}],"about":[{"href":"https:\/\/corrientesdetarde.com\/index.php\/wp-json\/wp\/v2\/types\/post"}],"author":[{"embeddable":true,"href":"https:\/\/corrientesdetarde.com\/index.php\/wp-json\/wp\/v2\/users\/1"}],"replies":[{"embeddable":true,"href":"https:\/\/corrientesdetarde.com\/index.php\/wp-json\/wp\/v2\/comments?post=146974"}],"version-history":[{"count":1,"href":"https:\/\/corrientesdetarde.com\/index.php\/wp-json\/wp\/v2\/posts\/146974\/revisions"}],"predecessor-version":[{"id":146976,"href":"https:\/\/corrientesdetarde.com\/index.php\/wp-json\/wp\/v2\/posts\/146974\/revisions\/146976"}],"wp:featuredmedia":[{"embeddable":true,"href":"https:\/\/corrientesdetarde.com\/index.php\/wp-json\/wp\/v2\/media\/146975"}],"wp:attachment":[{"href":"https:\/\/corrientesdetarde.com\/index.php\/wp-json\/wp\/v2\/media?parent=146974"}],"wp:term":[{"taxonomy":"category","embeddable":true,"href":"https:\/\/corrientesdetarde.com\/index.php\/wp-json\/wp\/v2\/categories?post=146974"},{"taxonomy":"post_tag","embeddable":true,"href":"https:\/\/corrientesdetarde.com\/index.php\/wp-json\/wp\/v2\/tags?post=146974"}],"curies":[{"name":"wp","href":"https:\/\/api.w.org\/{rel}","templated":true}]}}