{"id":146978,"date":"2024-05-13T12:14:00","date_gmt":"2024-05-13T15:14:00","guid":{"rendered":"https:\/\/corrientesdetarde.com\/?p=146978"},"modified":"2024-05-13T12:14:03","modified_gmt":"2024-05-13T15:14:03","slug":"el-vaticano-sera-la-sede-del-encuentro-internacional-del-sentido-con-la-presencia-de-academicos-y-referentes-culturales-globales","status":"publish","type":"post","link":"https:\/\/corrientesdetarde.com\/index.php\/internacionales\/el-vaticano-sera-la-sede-del-encuentro-internacional-del-sentido-con-la-presencia-de-academicos-y-referentes-culturales-globales\/","title":{"rendered":"El Vaticano ser\u00e1 la sede del Encuentro Internacional del Sentido, con la presencia de acad\u00e9micos y referentes culturales globales"},"content":{"rendered":"\n<p>Scholas Occurrentes y el Banco de Desarrollo de Am\u00e9rica Latina y el Caribe organizan el\u00a0<strong>Encuentro Internacional del Sentido,<\/strong>\u00a0que se llevar\u00e1 a cabo<strong>\u00a0del 21 al 23 de mayo en la Ciudad del Vaticano<\/strong>\u00a0y contar\u00e1 con la participaci\u00f3n de rectores de las universidades m\u00e1s importantes del mundo, acad\u00e9micos y referentes culturales globales.<a href=\"https:\/\/www.infobae.com\/sociedad\/2024\/05\/13\/la-aparicion-de-la-virgen-de-fatima-el-relato-de-los-3-pastorcitos-secretos-revelados-y-el-milagro-del-sol\/\" target=\"_blank\" rel=\"noreferrer noopener\"><\/a><\/p>\n\n\n\n<p><\/p>\n\n\n\n<p>Este encuentro, concebido como respuesta al llamado del Papa Francisco,<strong>&nbsp;busca abordar la crisis de sentido que aqueja al mundo contempor\u00e1neo.<\/strong><\/p>\n\n\n\n<p>De la jornada de clausura que se llevar\u00e1 a cabo el jueves 23 de mayo participar\u00e1 el Santo Padre, que recibir\u00e1 las conclusiones de lo trabajado por parte de los participantes.<\/p>\n\n\n\n<p><a href=\"https:\/\/www.infobae.com\/sociedad\/2024\/05\/13\/el-gobierno-confirmo-a-partir-de-cuando-no-sera-necesaria-la-cedula-azul-para-conducir-un-vehiculo\/\" target=\"_blank\" rel=\"noreferrer noopener\"><\/a><\/p>\n\n\n\n<p>\u201cNo se trata de una nueva universidad, sino de una universidad nueva; que\u00a0<strong>no se preocupa de buscar lo materialmente \u00fatil, sino lo indispensable para la vida del alma<\/strong>. Ansiosa no de ganar, sino de dar; no de ser una fortaleza acad\u00e9mica, sino un puente hacia nuestra humanidad m\u00e1s profunda\u201d, remarc\u00f3 el Papa Francisco\u00a0<em>al dar vida a la Universidad del Sentido, el pasado 26 de septiembre.<\/em>Esta universidad es aut\u00f3noma y est\u00e1 gestionada por el Movimiento Educativo Internacional\u00a0<em>Scholas Occurrentes.<\/em><\/p>\n\n\n\n<p>El encuentro<strong>\u00a0contar\u00e1 con la participaci\u00f3n de rectores de las universidades m\u00e1s importantes del mundo, personalidades de la cultura, la pol\u00edtica y la tecnolog\u00eda, j\u00f3venes influyentes en sus comunidades y artistas,<\/strong>\u00a0quienes aportar\u00e1n su visi\u00f3n y experiencia en la b\u00fasqueda de soluciones concretas a los desaf\u00edos que enfrenta esta nueva universidad, cuya gesti\u00f3n el Papa Francisco la encomend\u00f3 al Movimiento Educativo Internacional scholas Occurrentes.<a href=\"https:\/\/www.infobae.com\/politica\/2024\/05\/13\/el-gobierno-anuncio-la-emergencia-ferroviaria-tras-el-choque-de-trenes-en-palermo\/\" target=\"_blank\" rel=\"noreferrer noopener\"><\/a><\/p>\n\n\n\n<p><\/p>\n\n\n\n<p>La tradicional alianza entre Scholas y el Banco de Desarrollo de Am\u00e9rica Latina y el Caribe tiene como antecedentes inmediatos, entre otras experiencias educativas, el lanzamiento de la&nbsp;<strong>primera Escuela Laudato S\u00ed,<\/strong>&nbsp;en mayo de 2022, donde participaron 50 j\u00f3venes representantes de distintos pa\u00edses de Am\u00e9rica Latina y el Caribe; as\u00ed como el<strong>&nbsp;Encuentro Internacional de Ciudades Eco-Educativas<\/strong>, organizado en mayo de 2023, donde 40 alcaldes de la regi\u00f3n se encontraron en Roma para fortalecer las capacidades de gesti\u00f3n y liderazgo necesarias para avanzar en el camino hacia un desarrollo sostenible y donde en en este nuevo encuentro mostrar\u00e1n los avances y las implementaciones ya realizadas.<\/p>\n\n\n\n<h2 class=\"wp-block-heading\">\u00bfQu\u00e9 es la Universidad del Sentido?<\/h2>\n\n\n\n<p>En medio de la crisis mundial provocada por la pandemia, el Pont\u00edfice destac\u00f3 la iniciativa impulsada por Scholas y remarc\u00f3 que&nbsp;<strong>\u201ceducar es buscar el sentido de las cosas\u201d.<\/strong><\/p>\n\n\n\n<p>Para la realizaci\u00f3n del manifiesto de la Universidad del Sentido colaboraron los profesores&nbsp;<strong>Mpho Tshivhase<\/strong>&nbsp;de la Universidad de Pretoria,&nbsp;<strong>Stefania Travagnin&nbsp;<\/strong>de la Universidad de Londres,&nbsp;<strong>Souleymane Bachir Diagne&nbsp;<\/strong>de la Universidad de Columbia, y&nbsp;<strong>Diane Moore<\/strong>&nbsp;de la Universidad de Harvard, entre otros.<\/p>\n\n\n\n<p><img loading=\"lazy\" decoding=\"async\" alt=\"La Universidad del Sentido es organismo educativo universitario civil con sede en el Vaticano (foto MARCO BERTORELLO\/Pool via REUTERS)\" height=\"3666\" width=\"5500\" class=\"\" src=\"https:\/\/www.infobae.com\/new-resizer\/6JWJMLLmACREU1prCH9-AL4i0mU=\/420x280\/filters:format(webp):quality(85)\/cloudfront-us-east-1.images.arcpublishing.com\/infobae\/ISIYNENEZFBOUS3FQB74MKRPRE.jpg%20420w\" srcset=\"https:\/\/www.infobae.com\/new-resizer\/6JWJMLLmACREU1prCH9-AL4i0mU=\/420x280\/filters:format(webp):quality(85)\/cloudfront-us-east-1.images.arcpublishing.com\/infobae\/ISIYNENEZFBOUS3FQB74MKRPRE.jpg 420w,https:\/\/www.infobae.com\/new-resizer\/kTc9aYhVfCN9yMTG1UcpIENnKNs=\/768x512\/filters:format(webp):quality(85)\/cloudfront-us-east-1.images.arcpublishing.com\/infobae\/ISIYNENEZFBOUS3FQB74MKRPRE.jpg 768w,https:\/\/www.infobae.com\/new-resizer\/KjiNADaWLfXYfBNwkkvF22aAKLc=\/992x661\/filters:format(webp):quality(85)\/cloudfront-us-east-1.images.arcpublishing.com\/infobae\/ISIYNENEZFBOUS3FQB74MKRPRE.jpg 992w,https:\/\/www.infobae.com\/new-resizer\/uhUnz9ZXt3-Venm_wwOzJMtjVlI=\/1200x800\/filters:format(webp):quality(85)\/cloudfront-us-east-1.images.arcpublishing.com\/infobae\/ISIYNENEZFBOUS3FQB74MKRPRE.jpg 1200w,https:\/\/www.infobae.com\/new-resizer\/w4Qv8HcYM6RCUIvXWctJDedzbqc=\/1440x960\/filters:format(webp):quality(85)\/cloudfront-us-east-1.images.arcpublishing.com\/infobae\/ISIYNENEZFBOUS3FQB74MKRPRE.jpg 1440w\">La Universidad del Sentido es organismo educativo universitario civil con sede en el Vaticano (foto MARCO BERTORELLO\/Pool via REUTERS)<\/p>\n\n\n\n<p>Los profesores coincidieron en \u201cla importancia de crear un organismo universitario global que responda a la necesidad de re-imaginar la educaci\u00f3n, poniendo en el centro a la persona en su singularidad y a la comunidad como expresi\u00f3n de la pluralidad\u201d.<\/p>\n\n\n\n<p>En tal sentido, lo definieron como \u201cun lugar acogedor y creativo en donde todos puedan sentirse bienvenidos y participar. Una universidad at\u00edpica que, como dice Plat\u00f3n,&nbsp;<em>\u2018no tiene lugar porque est\u00e1 en todas partes\u2019<\/em>. Una semilla muy peque\u00f1a que puede convertirse en un \u00e1rbol muy grande, donde las ra\u00edces est\u00e1n en las ense\u00f1anzas del Papa Francisco y en la experiencia de Scholas; una universidad local y global, intercultural, interreligiosa e intergeneracional\u201d.<\/p>\n\n\n\n<p>\u201cEl aprendizaje se nutre de todos los lenguajes del conocimiento cient\u00edfico y human\u00edstico, del arte, de la tecnolog\u00eda y de las experiencias vitales. Esta universidad alimenta el alma y sabe distinguir lo simplemente \u00fatil de lo indispensable, ayuda a no perder de vista lo esencial, porque no s\u00f3lo de pan vive el hombre\u201d, enfatizaron.<\/p>\n\n\n\n<p>Desde hace una d\u00e9cada, Scholas lleva a cabo&nbsp;<strong>experiencias educativas con j\u00f3venes de diferentes credos y culturas en los cinco continentes<\/strong>, como respuesta a la profunda sed de sentido tan presente en estos tiempos.<\/p>\n\n\n\n<p>As\u00ed, comenz\u00f3 a desarrollar una red con universidades p\u00fablicas y privadas para crear, dentro de ellas,&nbsp;<strong>el concepto de C\u00e1tedras Scholas<\/strong>&nbsp;para trabajar juntos no solo en \u00e1reas de extensi\u00f3n sino tambi\u00e9n en docencia e investigaci\u00f3n.<\/p>\n\n\n\n<p>Desde 2017, cada a\u00f1o, las universidades que forman parte de esta red comparten sus resultados y logros a trav\u00e9s de un congreso mundial para fortalecer esta metodolog\u00eda y&nbsp;<strong>unir la investigaci\u00f3n con el trabajo de campo<\/strong>.<\/p>\n\n\n\n<p>A partir de 2020, en plena pandemia, el Papa invit\u00f3 a Scholas a promover esta significativa iniciativa a nivel universitario. Desde entonces, la organizaci\u00f3n reuni\u00f3 a profesores para desarrollar el manifiesto de la Universidad del Sentido.<\/p>\n\n\n\n<p>El a\u00f1o pasado, Scholas realiz\u00f3 experiencias de construcci\u00f3n de sentido con profesores y estudiantes universitarios en Am\u00e9rica Latina y Europa, que recibieron varios premios acad\u00e9micos y forman parte de la oferta educativa de diversas carreras y casas de estudio.<\/p>\n","protected":false},"excerpt":{"rendered":"<p>Scholas Occurrentes y el Banco de Desarrollo de Am\u00e9rica Latina y el Caribe organizan el\u00a0Encuentro Internacional del Sentido,\u00a0que se llevar\u00e1 a cabo\u00a0del 21 al 23 de mayo en la Ciudad&hellip; <\/p>\n","protected":false},"author":12,"featured_media":146987,"comment_status":"closed","ping_status":"open","sticky":false,"template":"","format":"standard","meta":{"footnotes":""},"categories":[11],"tags":[],"class_list":["post-146978","post","type-post","status-publish","format-standard","has-post-thumbnail","hentry","category-internacionales"],"_links":{"self":[{"href":"https:\/\/corrientesdetarde.com\/index.php\/wp-json\/wp\/v2\/posts\/146978","targetHints":{"allow":["GET"]}}],"collection":[{"href":"https:\/\/corrientesdetarde.com\/index.php\/wp-json\/wp\/v2\/posts"}],"about":[{"href":"https:\/\/corrientesdetarde.com\/index.php\/wp-json\/wp\/v2\/types\/post"}],"author":[{"embeddable":true,"href":"https:\/\/corrientesdetarde.com\/index.php\/wp-json\/wp\/v2\/users\/12"}],"replies":[{"embeddable":true,"href":"https:\/\/corrientesdetarde.com\/index.php\/wp-json\/wp\/v2\/comments?post=146978"}],"version-history":[{"count":1,"href":"https:\/\/corrientesdetarde.com\/index.php\/wp-json\/wp\/v2\/posts\/146978\/revisions"}],"predecessor-version":[{"id":146988,"href":"https:\/\/corrientesdetarde.com\/index.php\/wp-json\/wp\/v2\/posts\/146978\/revisions\/146988"}],"wp:featuredmedia":[{"embeddable":true,"href":"https:\/\/corrientesdetarde.com\/index.php\/wp-json\/wp\/v2\/media\/146987"}],"wp:attachment":[{"href":"https:\/\/corrientesdetarde.com\/index.php\/wp-json\/wp\/v2\/media?parent=146978"}],"wp:term":[{"taxonomy":"category","embeddable":true,"href":"https:\/\/corrientesdetarde.com\/index.php\/wp-json\/wp\/v2\/categories?post=146978"},{"taxonomy":"post_tag","embeddable":true,"href":"https:\/\/corrientesdetarde.com\/index.php\/wp-json\/wp\/v2\/tags?post=146978"}],"curies":[{"name":"wp","href":"https:\/\/api.w.org\/{rel}","templated":true}]}}