{"id":146979,"date":"2024-05-13T12:11:48","date_gmt":"2024-05-13T15:11:48","guid":{"rendered":"https:\/\/corrientesdetarde.com\/?p=146979"},"modified":"2024-05-13T12:11:52","modified_gmt":"2024-05-13T15:11:52","slug":"el-gobierno-dispuso-la-emergencia-ferroviaria-tras-el-choque-de-trenes-en-palermo","status":"publish","type":"post","link":"https:\/\/corrientesdetarde.com\/index.php\/nacionales\/el-gobierno-dispuso-la-emergencia-ferroviaria-tras-el-choque-de-trenes-en-palermo\/","title":{"rendered":"El Gobierno dispuso la emergencia ferroviaria tras el choque de trenes en Palermo"},"content":{"rendered":"\n<p>Despu\u00e9s del choque de trenes en la l\u00ednea San Mart\u00edn que se produjo el viernes en Palermo,\u00a0<strong>el Gobierno nacional declar\u00f3 la emergencia ferroviaria<\/strong>. Eso le permitir\u00e1 disponer de la administraci\u00f3n de fondos para afrontar contingencias como las que sufrieron algunas l\u00edneas en los \u00faltimos meses, por ejemplo con el robo de cables o los da\u00f1os en la infraestructura.<a href=\"https:\/\/www.infobae.com\/politica\/2024\/05\/13\/un-cambio-en-el-gobierno-oxigenaria-algunas-areas-aseguro-miguel-angel-pichetto\/\" target=\"_blank\" rel=\"noreferrer noopener\"><\/a><\/p>\n\n\n\n<p><\/p>\n\n\n\n<p>La&nbsp;<strong>falta de inversi\u00f3n<\/strong>&nbsp;cr\u00f3nica en el sistema ferroviario por parte de Trenes Argentinos, empresa que hoy funciona bajo la \u00f3rbita del Ministerio de Econom\u00eda que conduce Luis Caputo, se refleja en que las transferencias del Tesoro a las empresas ferroviarias p\u00fablicas tuvieron un&nbsp;<strong>recorte del 60% en los primeros cuatro meses de 2024<\/strong>, respecto del mismo per\u00edodo del a\u00f1o anterior, seg\u00fan el an\u00e1lisis presupuestario realizado por el \u00e1rea de Justicia Fiscal de la organizaci\u00f3n no gubernamental Asociaci\u00f3n Civil por la Igualdad y la Justicia (ACIJ) que public\u00f3 Infobae esta fin de semana.<\/p>\n\n\n\n<p>La sociedad estatal que soport\u00f3 el mayor ajuste en la gesti\u00f3n de Javier Milei fue la Administraci\u00f3n de Infraestructuras Ferroviarias, con un 92% de reducci\u00f3n. Y, entre otras obras pendientes, est\u00e1 una licitaci\u00f3n para la electrificaci\u00f3n de la l\u00ednea San Mart\u00edn con un pr\u00e9stamo del BID, anunciada en 2017, que sigue sin adjudicaci\u00f3n.<a href=\"https:\/\/www.infobae.com\/politica\/2024\/05\/13\/pepe-mujica-cree-que-javier-milei-se-convirtio-en-presidente-por-la-hiperinflacion-que-genero-el-kirchnerismo-y-no-se-hacen-cargo\/\" target=\"_blank\" rel=\"noreferrer noopener\"><\/a><\/p>\n\n\n\n<p><\/p>\n\n\n\n<p>Trenes Argentinos actualmente es dirigida por<strong>&nbsp;Luis Adri\u00e1n Luque<\/strong>, un ex concejal del Frente Renovador en&nbsp;<strong>San Miguel.&nbsp;<\/strong>Esa empresa que opera los trenes de pasajeros en el pa\u00eds estuvo dos meses sin autoridades por la demora de Milei en designar al reemplazante de&nbsp;<strong>Mart\u00edn Marinucci<\/strong>, tambi\u00e9n integrante del partido fundado por&nbsp;<strong>Sergio Massa<\/strong>. Luque se desempe\u00f1aba, desde enero de 2002, como gerente de Asuntos Jur\u00eddicos de la&nbsp;<strong>Sociedad Operadora Ferroviaria Sociedad del Estado (SOFSE)<\/strong>, que controla Trenes Argentinos.<\/p>\n\n\n\n<p><img loading=\"lazy\" decoding=\"async\" alt=\"El operativo para retirar los vagones de tren del Puente Dorrego \" height=\"1067\" width=\"1600\" class=\"\" src=\"https:\/\/www.infobae.com\/new-resizer\/b9TjY4ABjN9WBlDoheSTn6QqiSI=\/420x280\/filters:format(webp):quality(85)\/cloudfront-us-east-1.images.arcpublishing.com\/infobae\/3ESHSQTI2FCFTK444IDGHETTVY.jpeg%20420w\" srcset=\"https:\/\/www.infobae.com\/new-resizer\/b9TjY4ABjN9WBlDoheSTn6QqiSI=\/420x280\/filters:format(webp):quality(85)\/cloudfront-us-east-1.images.arcpublishing.com\/infobae\/3ESHSQTI2FCFTK444IDGHETTVY.jpeg 420w,https:\/\/www.infobae.com\/new-resizer\/cqI0NxrhkIA8yFWcPbPD0q0wgDk=\/768x512\/filters:format(webp):quality(85)\/cloudfront-us-east-1.images.arcpublishing.com\/infobae\/3ESHSQTI2FCFTK444IDGHETTVY.jpeg 768w,https:\/\/www.infobae.com\/new-resizer\/VSysLTw5V4kxBejEXpGlbT2iaS4=\/992x661\/filters:format(webp):quality(85)\/cloudfront-us-east-1.images.arcpublishing.com\/infobae\/3ESHSQTI2FCFTK444IDGHETTVY.jpeg 992w,https:\/\/www.infobae.com\/new-resizer\/37lFQ8ADeZ4WQnOReyliE1kKZ6o=\/1200x800\/filters:format(webp):quality(85)\/cloudfront-us-east-1.images.arcpublishing.com\/infobae\/3ESHSQTI2FCFTK444IDGHETTVY.jpeg 1200w,https:\/\/www.infobae.com\/new-resizer\/SGoo8vBsablGqt2DRmugXBXmaVY=\/1440x960\/filters:format(webp):quality(85)\/cloudfront-us-east-1.images.arcpublishing.com\/infobae\/3ESHSQTI2FCFTK444IDGHETTVY.jpeg 1440w\">El operativo para retirar los vagones de tren del Puente Dorrego<\/p>\n\n\n\n<p><strong>No ser\u00e1 la primera vez que se declare la emergencia ferroviaria en el pa\u00eds<\/strong>. Durante el gobierno de Eduardo Duhalde, en\u00a0<strong>2002<\/strong>, tambi\u00e9n se la hab\u00eda aplicado y se mantuvo durante a\u00f1os. Lo hizo mediante el decreto 2075 que abarc\u00f3 a todas las l\u00edneas que operaban en el \u00e1mbito metropolitano e incluso a los subterr\u00e1neos de la Ciudad de Buenos Aires.<a href=\"https:\/\/www.infobae.com\/politica\/2024\/05\/13\/nacio-el-karinismo-la-hermana-del-presidente-ordena-la-politica-libertaria-y-trata-de-cerrar-las-internas\/\" target=\"_blank\" rel=\"noreferrer noopener\"><\/a><\/p>\n\n\n\n<p><\/p>\n\n\n\n<p>El medio digital&nbsp;<em>Enelsubte&nbsp;<\/em>inform\u00f3 este lunes que, una semana antes del choque que dej\u00f3 casi un centenar de heridos y la interrupci\u00f3n del servicio del San Mart\u00edn entre Palermo y la cabecera Retiro, desde Trenes Argentinos&nbsp;<strong>hab\u00edan alertado a sus superiores&nbsp;<\/strong>sobre los problemas de la l\u00ednea debido a las restricciones presupuestarias. El informe se remiti\u00f3 al presidente de Ferrocarriles Argentinos, Patricio Gilligan, a la Secretar\u00eda de Transporte que conduce el cordob\u00e9s Franco Mogetta y tambi\u00e9n a Mauricio Gonz\u00e1lez Botto, funcionario de la Jefatura de Gabinete de la Naci\u00f3n que tiene a cargo el \u00e1rea donde se analiza la situaci\u00f3n de cada unas de las empresas estatales que el Gobierno tiene previsto dejar en manos privadas.<\/p>\n\n\n\n<p>De acuerdo a esa nota, por la falta de fondos se complic\u00f3 el arreglo del material rodante, se frenaron licitaciones como la que iba a servir para renovar locomotoras en el San Mart\u00edn y se paraliz\u00f3 la compra de insumos e incluso la contrataci\u00f3n de servicios m\u00e9dicos que iban a servir para atender a los pasajeros y a los empleados de de servicios de seguridad en trenes y estaciones, entre otros.<\/p>\n\n\n\n<p>En la Operadora Ferroviaria Sociedad del Estado (SOFSE) que se ocupa del mantenimiento y de las tareas de infraestructura hubo m\u00e1s de 100 despidos en marzo. SOFSE, con un recorte del 56%, fue una de las ramas de Ferrocarriles Argentinos m\u00e1s afectada. Es la empresa que tiene la mayor cantidad de empleados, 23.743, y la que debe garantizar el funcionamiento de las l\u00edneas de pasajeros. En 2023 tuvo un resultado negativo de $47.310 millones. Para este a\u00f1o, tiene previstas transferencias del Tesoro previstas por $336.000 millones, pero solo se ejecut\u00f3 el 40% de este monto.<\/p>\n","protected":false},"excerpt":{"rendered":"<p>Despu\u00e9s del choque de trenes en la l\u00ednea San Mart\u00edn que se produjo el viernes en Palermo,\u00a0el Gobierno nacional declar\u00f3 la emergencia ferroviaria. Eso le permitir\u00e1 disponer de la administraci\u00f3n&hellip; <\/p>\n","protected":false},"author":12,"featured_media":146985,"comment_status":"closed","ping_status":"open","sticky":false,"template":"","format":"standard","meta":{"footnotes":""},"categories":[10],"tags":[],"class_list":["post-146979","post","type-post","status-publish","format-standard","has-post-thumbnail","hentry","category-nacionales"],"_links":{"self":[{"href":"https:\/\/corrientesdetarde.com\/index.php\/wp-json\/wp\/v2\/posts\/146979","targetHints":{"allow":["GET"]}}],"collection":[{"href":"https:\/\/corrientesdetarde.com\/index.php\/wp-json\/wp\/v2\/posts"}],"about":[{"href":"https:\/\/corrientesdetarde.com\/index.php\/wp-json\/wp\/v2\/types\/post"}],"author":[{"embeddable":true,"href":"https:\/\/corrientesdetarde.com\/index.php\/wp-json\/wp\/v2\/users\/12"}],"replies":[{"embeddable":true,"href":"https:\/\/corrientesdetarde.com\/index.php\/wp-json\/wp\/v2\/comments?post=146979"}],"version-history":[{"count":1,"href":"https:\/\/corrientesdetarde.com\/index.php\/wp-json\/wp\/v2\/posts\/146979\/revisions"}],"predecessor-version":[{"id":146986,"href":"https:\/\/corrientesdetarde.com\/index.php\/wp-json\/wp\/v2\/posts\/146979\/revisions\/146986"}],"wp:featuredmedia":[{"embeddable":true,"href":"https:\/\/corrientesdetarde.com\/index.php\/wp-json\/wp\/v2\/media\/146985"}],"wp:attachment":[{"href":"https:\/\/corrientesdetarde.com\/index.php\/wp-json\/wp\/v2\/media?parent=146979"}],"wp:term":[{"taxonomy":"category","embeddable":true,"href":"https:\/\/corrientesdetarde.com\/index.php\/wp-json\/wp\/v2\/categories?post=146979"},{"taxonomy":"post_tag","embeddable":true,"href":"https:\/\/corrientesdetarde.com\/index.php\/wp-json\/wp\/v2\/tags?post=146979"}],"curies":[{"name":"wp","href":"https:\/\/api.w.org\/{rel}","templated":true}]}}