{"id":146991,"date":"2024-05-13T12:35:45","date_gmt":"2024-05-13T15:35:45","guid":{"rendered":"https:\/\/corrientesdetarde.com\/?p=146991"},"modified":"2024-05-13T12:35:55","modified_gmt":"2024-05-13T15:35:55","slug":"firma-de-convenio-con-la-fundacion-inspiring-girls-buscan-promover-el-espiritu-emprendedor-de-las-ninas-en-edad-escolar","status":"publish","type":"post","link":"https:\/\/corrientesdetarde.com\/index.php\/sociales\/firma-de-convenio-con-la-fundacion-inspiring-girls-buscan-promover-el-espiritu-emprendedor-de-las-ninas-en-edad-escolar\/","title":{"rendered":"Firma de convenio con la Fundaci\u00f3n Inspiring Girls: Buscan promover el esp\u00edritu emprendedor de las ni\u00f1as en edad escolar"},"content":{"rendered":"\n<p>El vicegobernador, Pedro Braillard Poccard, firm\u00f3 convenio con la Fundaci\u00f3n Inspiring Girls, una red internacional cuyo objetivo es aumentar la autoestima y ambici\u00f3n profesional de las ni\u00f1as en edad escolar, as\u00ed como sus expectativas laborales.<\/p>\n\n\n\n<p>La r\u00fabrica se concret\u00f3 este lunes con la Presidente de la Fundaci\u00f3n Licenciada Julia S\u00e1ez, en el Sal\u00f3n de Acuerdos del Palacio legislativo. El convenio propicia la concertaci\u00f3n de programas con el fin de promocionar y desarrollar estrategias relacionadas con actividades interactivas y educativas que busquen fomentar la autoestima, el liderazgo y esp\u00edritu emprendedor de ni\u00f1as de 10 a 14 a\u00f1os, como as\u00ed tambi\u00e9n toda otra actividad que resulte apropiada a tal fin.<\/p>\n\n\n\n<p>La Fundaci\u00f3n Inspiring Girls ayuda a derribar estereotipos y a aumentar la ambici\u00f3n profesional de cientos de ni\u00f1as y j\u00f3venes, impartiendo diversos contenidos de sororidad, autoestima, liderazgo y bienestar. Por su parte, la Vicegobernaci\u00f3n ratifica su compromiso con la formaci\u00f3n integral para fortalecer la participaci\u00f3n de la sociedad.<\/p>\n\n\n<div class=\"wp-block-image\">\n<figure class=\"aligncenter size-large\"><img loading=\"lazy\" decoding=\"async\" width=\"682\" height=\"1024\" src=\"https:\/\/corrientesdetarde.com\/wp-content\/uploads\/2024\/05\/WhatsApp-Image-2024-05-13-at-12.07.12_5e25b6d7-682x1024.jpg\" alt=\"\" class=\"wp-image-146992\" srcset=\"https:\/\/corrientesdetarde.com\/wp-content\/uploads\/2024\/05\/WhatsApp-Image-2024-05-13-at-12.07.12_5e25b6d7-682x1024.jpg 682w, https:\/\/corrientesdetarde.com\/wp-content\/uploads\/2024\/05\/WhatsApp-Image-2024-05-13-at-12.07.12_5e25b6d7-200x300.jpg 200w, https:\/\/corrientesdetarde.com\/wp-content\/uploads\/2024\/05\/WhatsApp-Image-2024-05-13-at-12.07.12_5e25b6d7-768x1152.jpg 768w, https:\/\/corrientesdetarde.com\/wp-content\/uploads\/2024\/05\/WhatsApp-Image-2024-05-13-at-12.07.12_5e25b6d7.jpg 853w\" sizes=\"auto, (max-width: 682px) 100vw, 682px\" \/><\/figure>\n<\/div>","protected":false},"excerpt":{"rendered":"<p>El vicegobernador, Pedro Braillard Poccard, firm\u00f3 convenio con la Fundaci\u00f3n Inspiring Girls, una red internacional cuyo objetivo es aumentar la autoestima y ambici\u00f3n profesional de las ni\u00f1as en edad escolar,&hellip; <\/p>\n","protected":false},"author":1,"featured_media":146993,"comment_status":"closed","ping_status":"open","sticky":false,"template":"","format":"standard","meta":{"footnotes":""},"categories":[17],"tags":[],"class_list":["post-146991","post","type-post","status-publish","format-standard","has-post-thumbnail","hentry","category-sociales"],"_links":{"self":[{"href":"https:\/\/corrientesdetarde.com\/index.php\/wp-json\/wp\/v2\/posts\/146991","targetHints":{"allow":["GET"]}}],"collection":[{"href":"https:\/\/corrientesdetarde.com\/index.php\/wp-json\/wp\/v2\/posts"}],"about":[{"href":"https:\/\/corrientesdetarde.com\/index.php\/wp-json\/wp\/v2\/types\/post"}],"author":[{"embeddable":true,"href":"https:\/\/corrientesdetarde.com\/index.php\/wp-json\/wp\/v2\/users\/1"}],"replies":[{"embeddable":true,"href":"https:\/\/corrientesdetarde.com\/index.php\/wp-json\/wp\/v2\/comments?post=146991"}],"version-history":[{"count":2,"href":"https:\/\/corrientesdetarde.com\/index.php\/wp-json\/wp\/v2\/posts\/146991\/revisions"}],"predecessor-version":[{"id":146995,"href":"https:\/\/corrientesdetarde.com\/index.php\/wp-json\/wp\/v2\/posts\/146991\/revisions\/146995"}],"wp:featuredmedia":[{"embeddable":true,"href":"https:\/\/corrientesdetarde.com\/index.php\/wp-json\/wp\/v2\/media\/146993"}],"wp:attachment":[{"href":"https:\/\/corrientesdetarde.com\/index.php\/wp-json\/wp\/v2\/media?parent=146991"}],"wp:term":[{"taxonomy":"category","embeddable":true,"href":"https:\/\/corrientesdetarde.com\/index.php\/wp-json\/wp\/v2\/categories?post=146991"},{"taxonomy":"post_tag","embeddable":true,"href":"https:\/\/corrientesdetarde.com\/index.php\/wp-json\/wp\/v2\/tags?post=146991"}],"curies":[{"name":"wp","href":"https:\/\/api.w.org\/{rel}","templated":true}]}}