{"id":146998,"date":"2024-05-13T13:35:25","date_gmt":"2024-05-13T16:35:25","guid":{"rendered":"https:\/\/corrientesdetarde.com\/?p=146998"},"modified":"2024-05-13T13:36:57","modified_gmt":"2024-05-13T16:36:57","slug":"en-avenida-santa-catalina-valdes-inauguro-obras-de-infraestructura-para-seguir-transformando-la-ciudad","status":"publish","type":"post","link":"https:\/\/corrientesdetarde.com\/index.php\/locales\/en-avenida-santa-catalina-valdes-inauguro-obras-de-infraestructura-para-seguir-transformando-la-ciudad\/","title":{"rendered":"En Avenida Santa Catalina, Vald\u00e9s inaugur\u00f3 obras de infraestructura para seguir transformando la Ciudad"},"content":{"rendered":"\n<p>Esta ma\u00f1ana, en un acto desarrollado en Avenida Santa Catalina y Taf\u00ed del Valle, el gobernador Gustavo Vald\u00e9s habilit\u00f3 1.300 metros de pavimento, conjuntamente con desag\u00fces pluviales e iluminaci\u00f3n, en una obra que demand\u00f3 una millonaria inversi\u00f3n de la Provincia. En la oportunidad, el mandatario resalt\u00f3 el trabajo conjunto con el municipio capitalino, fundamental para impulsar una mejor circulaci\u00f3n y el desarrollo urban\u00edstico, con el objetivo de mejorar la calidad de vida de los vecinos.<\/p>\n\n\n\n<p>En la mencionada barriada se llev\u00f3 adelante, en una segunda etapa, la ejecuci\u00f3n de 13 cuadras de asfalto r\u00edgido, desag\u00fces pluviales e instalaci\u00f3n de 88 luminarias de tecnolog\u00eda LED.<\/p>\n\n\n\n<p>Antes de esta obra, la \u00fanica v\u00eda de conexi\u00f3n vial pavimentada en sentido Norte-Sur que permit\u00eda la vinculaci\u00f3n del desarrollo urbano de la barriada con hacia el centro de la Ciudad era la Avenida Maip\u00fa, que con un intenso tr\u00e1nsito vehicular se ve\u00eda desbordada en horarios pico. Esto hizo imperiosa la necesidad de avanzar con el proyecto de una nueva alternativa de vinculaci\u00f3n vial pavimentada.<\/p>\n\n\n\n<p>Estos 1300 m. pavimentados facilitan un fluido tr\u00e1nsito vehicular a trav\u00e9s de otras avenidas ya establecidas, como Paysand\u00fa e Igarzabal.<\/p>\n\n\n\n<p>Adem\u00e1s, las v\u00edas secundarias existentes aseguran que todo el extenso desarrollo inmobiliario presente y futuro de Santa Catalina tenga una ruta de acceso directa hacia la ciudad. Por lo tanto esta conexi\u00f3n no solo mejorar\u00e1 la movilidad, sino tambi\u00e9n potenciar\u00e1 el crecimiento y desarrollo en esta zona de Capital.<\/p>\n\n\n\n<p><strong>Fuerte inversi\u00f3n para el desarrollo urban\u00edstico de Capital<\/strong><\/p>\n\n\n\n<p>\u201c\u00c9sta es una obra muy importante para Corrientes en la zona sur, donde estamos teniendo el mayor desarrollo de la ciudad\u201d, inici\u00f3 su alocuci\u00f3n el gobernador.<\/p>\n\n\n\n<p>Vald\u00e9s detall\u00f3, en materia de inversi\u00f3n que \u201csolamente en asfalto, nosotros hoy estamos calculando que a valor actual, esta obra puede rondar entre los 700 y 1mil millones de pesos, m\u00e1s todo lo que tiene que ver con infraestructura el\u00e9ctrica\u201d. \u201c\u00c9sto nos va a permitir tambi\u00e9n vincularla con la avenida Nin\u00ed Flores, que estamos haciendo a la entrada del ex Regimiento de Santa Catalina\u201d, a\u00f1adi\u00f3 el mismo, en materia de obras viales.<\/p>\n\n\n\n<p>En este marco, el mandatario sostuvo que \u201cestamos haciendo inversiones realmente muy grandes, porque es lo que necesit\u00e1bamos para poder desarrollar urban\u00edsticamente a la ciudad de Corrientes\u201d, destacando el trabajo conjunto con la Municipalidad.<\/p>\n\n\n\n<p>Por otra parte, el Gobernador felicit\u00f3 \u201ca todo el personal de Vialidad de la Provincia\u201d, Direcci\u00f3n a trav\u00e9s de la cual pr\u00f3ximamente se inaugurar\u00e1&nbsp; una planta de asfalto en la localidad de Santo Tom\u00e9.<\/p>\n\n\n\n<p>Finalizando con sus palabras, Vald\u00e9s inst\u00f3 a la ciudadan\u00eda a \u201cseguir trabajando juntos, impulsando el dinamismo de la ciudad, y repensando c\u00f3mo tenemos que hacer para circular con prontitud, seguridad y responsabilidad\u201d.<\/p>\n\n\n\n<p><strong>Ministro Polich e intendente Tassano<\/strong><\/p>\n\n\n\n<p>\u201cEstamos terminando una obra importante, que significa una vinculaci\u00f3n que durante mucho tiempo estuvo ausente, ya que solo se pod\u00eda ingresar y salir a trav\u00e9s de la avenida Maip\u00fa\u201d, cont\u00f3 el ministro de Obras P\u00fablicas, Claudio Polich.<\/p>\n\n\n\n<p>En ese orden, el intendente Eduardo Tassano sostuvo que cuando concluyan las obras en las avenidas Alta Gracia e Igarzabal la ciudad \u201cmejorar\u00e1 mucho la transitabilidad en la zona sur\u201d. Todo esto sumado a trabajos de iluminaci\u00f3n y cord\u00f3n cuneta.<\/p>\n\n\n\n<p>Ambos, destacaron el trabajo conjunto Provincia-Municipio para \u201cponer a Corrientes m\u00e1s linda y f\u00e1cil de transitar\u201d.<\/p>\n\n\n\n<p><strong>Presencias<\/strong><\/p>\n\n\n\n<p>Acompa\u00f1aron a las mencionadas autoridades, ministros del Poder Ejecutivo provincial; el viceintendente de Capital, Emilio Lanari; el titular de Vialidad Provincial, Luis Cardoso; el presidente del Consejo Deliberante, Marcos Amarilla; dem\u00e1s ediles y funcionarios provinciales.<\/p>\n\n\n\n<figure class=\"wp-block-image size-large\"><img loading=\"lazy\" decoding=\"async\" width=\"1024\" height=\"716\" src=\"https:\/\/corrientesdetarde.com\/wp-content\/uploads\/2024\/05\/image-208-1024x716.png\" alt=\"\" class=\"wp-image-146999\" srcset=\"https:\/\/corrientesdetarde.com\/wp-content\/uploads\/2024\/05\/image-208-1024x716.png 1024w, https:\/\/corrientesdetarde.com\/wp-content\/uploads\/2024\/05\/image-208-300x210.png 300w, https:\/\/corrientesdetarde.com\/wp-content\/uploads\/2024\/05\/image-208-768x537.png 768w, https:\/\/corrientesdetarde.com\/wp-content\/uploads\/2024\/05\/image-208.png 1446w\" sizes=\"auto, (max-width: 1024px) 100vw, 1024px\" \/><\/figure>\n\n\n\n<figure class=\"wp-block-image size-large\"><img loading=\"lazy\" decoding=\"async\" width=\"1024\" height=\"682\" src=\"https:\/\/corrientesdetarde.com\/wp-content\/uploads\/2024\/05\/image-209-1024x682.png\" alt=\"\" class=\"wp-image-147000\" srcset=\"https:\/\/corrientesdetarde.com\/wp-content\/uploads\/2024\/05\/image-209-1024x682.png 1024w, https:\/\/corrientesdetarde.com\/wp-content\/uploads\/2024\/05\/image-209-300x200.png 300w, https:\/\/corrientesdetarde.com\/wp-content\/uploads\/2024\/05\/image-209-768x512.png 768w, https:\/\/corrientesdetarde.com\/wp-content\/uploads\/2024\/05\/image-209-1536x1023.png 1536w, https:\/\/corrientesdetarde.com\/wp-content\/uploads\/2024\/05\/image-209.png 1600w\" sizes=\"auto, (max-width: 1024px) 100vw, 1024px\" \/><\/figure>\n\n\n\n<figure class=\"wp-block-image size-large\"><img loading=\"lazy\" decoding=\"async\" width=\"1024\" height=\"639\" src=\"https:\/\/corrientesdetarde.com\/wp-content\/uploads\/2024\/05\/image-211-1024x639.png\" alt=\"\" class=\"wp-image-147002\" srcset=\"https:\/\/corrientesdetarde.com\/wp-content\/uploads\/2024\/05\/image-211-1024x639.png 1024w, https:\/\/corrientesdetarde.com\/wp-content\/uploads\/2024\/05\/image-211-300x187.png 300w, https:\/\/corrientesdetarde.com\/wp-content\/uploads\/2024\/05\/image-211-768x479.png 768w, https:\/\/corrientesdetarde.com\/wp-content\/uploads\/2024\/05\/image-211-1536x958.png 1536w, https:\/\/corrientesdetarde.com\/wp-content\/uploads\/2024\/05\/image-211.png 1600w\" sizes=\"auto, (max-width: 1024px) 100vw, 1024px\" \/><\/figure>\n\n\n\n<figure class=\"wp-block-image size-large\"><img loading=\"lazy\" decoding=\"async\" width=\"1024\" height=\"682\" src=\"https:\/\/corrientesdetarde.com\/wp-content\/uploads\/2024\/05\/image-212-1024x682.png\" alt=\"\" class=\"wp-image-147003\" srcset=\"https:\/\/corrientesdetarde.com\/wp-content\/uploads\/2024\/05\/image-212-1024x682.png 1024w, https:\/\/corrientesdetarde.com\/wp-content\/uploads\/2024\/05\/image-212-300x200.png 300w, https:\/\/corrientesdetarde.com\/wp-content\/uploads\/2024\/05\/image-212-768x512.png 768w, https:\/\/corrientesdetarde.com\/wp-content\/uploads\/2024\/05\/image-212-1536x1023.png 1536w, https:\/\/corrientesdetarde.com\/wp-content\/uploads\/2024\/05\/image-212.png 1600w\" sizes=\"auto, (max-width: 1024px) 100vw, 1024px\" \/><\/figure>\n\n\n\n<figure class=\"wp-block-image size-large\"><img loading=\"lazy\" decoding=\"async\" width=\"1024\" height=\"682\" src=\"https:\/\/corrientesdetarde.com\/wp-content\/uploads\/2024\/05\/image-213-1024x682.png\" alt=\"\" class=\"wp-image-147004\" srcset=\"https:\/\/corrientesdetarde.com\/wp-content\/uploads\/2024\/05\/image-213-1024x682.png 1024w, https:\/\/corrientesdetarde.com\/wp-content\/uploads\/2024\/05\/image-213-300x200.png 300w, https:\/\/corrientesdetarde.com\/wp-content\/uploads\/2024\/05\/image-213-768x512.png 768w, https:\/\/corrientesdetarde.com\/wp-content\/uploads\/2024\/05\/image-213-1536x1023.png 1536w, https:\/\/corrientesdetarde.com\/wp-content\/uploads\/2024\/05\/image-213.png 1600w\" sizes=\"auto, (max-width: 1024px) 100vw, 1024px\" \/><\/figure>\n\n\n\n<figure class=\"wp-block-image size-large\"><img loading=\"lazy\" decoding=\"async\" width=\"1024\" height=\"678\" src=\"https:\/\/corrientesdetarde.com\/wp-content\/uploads\/2024\/05\/image-214-1024x678.png\" alt=\"\" class=\"wp-image-147005\" srcset=\"https:\/\/corrientesdetarde.com\/wp-content\/uploads\/2024\/05\/image-214-1024x678.png 1024w, https:\/\/corrientesdetarde.com\/wp-content\/uploads\/2024\/05\/image-214-300x199.png 300w, https:\/\/corrientesdetarde.com\/wp-content\/uploads\/2024\/05\/image-214-768x509.png 768w, https:\/\/corrientesdetarde.com\/wp-content\/uploads\/2024\/05\/image-214.png 1433w\" sizes=\"auto, (max-width: 1024px) 100vw, 1024px\" \/><\/figure>\n\n\n\n<figure class=\"wp-block-image size-large\"><img loading=\"lazy\" decoding=\"async\" width=\"1024\" height=\"679\" src=\"https:\/\/corrientesdetarde.com\/wp-content\/uploads\/2024\/05\/image-215-1024x679.png\" alt=\"\" class=\"wp-image-147006\" srcset=\"https:\/\/corrientesdetarde.com\/wp-content\/uploads\/2024\/05\/image-215-1024x679.png 1024w, https:\/\/corrientesdetarde.com\/wp-content\/uploads\/2024\/05\/image-215-300x199.png 300w, https:\/\/corrientesdetarde.com\/wp-content\/uploads\/2024\/05\/image-215-768x509.png 768w, https:\/\/corrientesdetarde.com\/wp-content\/uploads\/2024\/05\/image-215-1536x1019.png 1536w, https:\/\/corrientesdetarde.com\/wp-content\/uploads\/2024\/05\/image-215.png 1600w\" sizes=\"auto, (max-width: 1024px) 100vw, 1024px\" \/><\/figure>\n","protected":false},"excerpt":{"rendered":"<p>Esta ma\u00f1ana, en un acto desarrollado en Avenida Santa Catalina y Taf\u00ed del Valle, el gobernador Gustavo Vald\u00e9s habilit\u00f3 1.300 metros de pavimento, conjuntamente con desag\u00fces pluviales e iluminaci\u00f3n, en&hellip; <\/p>\n","protected":false},"author":8,"featured_media":147001,"comment_status":"closed","ping_status":"open","sticky":false,"template":"","format":"standard","meta":{"footnotes":""},"categories":[8],"tags":[],"class_list":["post-146998","post","type-post","status-publish","format-standard","has-post-thumbnail","hentry","category-locales"],"_links":{"self":[{"href":"https:\/\/corrientesdetarde.com\/index.php\/wp-json\/wp\/v2\/posts\/146998","targetHints":{"allow":["GET"]}}],"collection":[{"href":"https:\/\/corrientesdetarde.com\/index.php\/wp-json\/wp\/v2\/posts"}],"about":[{"href":"https:\/\/corrientesdetarde.com\/index.php\/wp-json\/wp\/v2\/types\/post"}],"author":[{"embeddable":true,"href":"https:\/\/corrientesdetarde.com\/index.php\/wp-json\/wp\/v2\/users\/8"}],"replies":[{"embeddable":true,"href":"https:\/\/corrientesdetarde.com\/index.php\/wp-json\/wp\/v2\/comments?post=146998"}],"version-history":[{"count":1,"href":"https:\/\/corrientesdetarde.com\/index.php\/wp-json\/wp\/v2\/posts\/146998\/revisions"}],"predecessor-version":[{"id":147007,"href":"https:\/\/corrientesdetarde.com\/index.php\/wp-json\/wp\/v2\/posts\/146998\/revisions\/147007"}],"wp:featuredmedia":[{"embeddable":true,"href":"https:\/\/corrientesdetarde.com\/index.php\/wp-json\/wp\/v2\/media\/147001"}],"wp:attachment":[{"href":"https:\/\/corrientesdetarde.com\/index.php\/wp-json\/wp\/v2\/media?parent=146998"}],"wp:term":[{"taxonomy":"category","embeddable":true,"href":"https:\/\/corrientesdetarde.com\/index.php\/wp-json\/wp\/v2\/categories?post=146998"},{"taxonomy":"post_tag","embeddable":true,"href":"https:\/\/corrientesdetarde.com\/index.php\/wp-json\/wp\/v2\/tags?post=146998"}],"curies":[{"name":"wp","href":"https:\/\/api.w.org\/{rel}","templated":true}]}}