{"id":147014,"date":"2024-05-13T13:43:41","date_gmt":"2024-05-13T16:43:41","guid":{"rendered":"https:\/\/corrientesdetarde.com\/?p=147014"},"modified":"2024-05-13T13:43:53","modified_gmt":"2024-05-13T16:43:53","slug":"mas-de-500-ninos-y-adolescentes-participaron-del-taller-en-goya-y-en-esquina","status":"publish","type":"post","link":"https:\/\/corrientesdetarde.com\/index.php\/sociales\/mas-de-500-ninos-y-adolescentes-participaron-del-taller-en-goya-y-en-esquina\/","title":{"rendered":"M\u00e1s de 500 ni\u00f1os y adolescentes participaron del taller en Goya y en Esquina"},"content":{"rendered":"\n<p>En el marco del proyecto de promoci\u00f3n y difusi\u00f3n de la L\u00ednea 102 de Corrientes implementado por el Ministerio de Desarrollo Social&nbsp;realiz\u00f3 el taller &#8221; Empoderando voces, descubriendo nuestros derechos&#8221;.<\/p>\n\n\n\n<p>En la oportunidad, referentes estuvieron trabajando junto a 500 ni\u00f1os y adolescentes apr\u00f3ximadamente abordando&nbsp;los derechos de las ni\u00f1as, los ni\u00f1os y adolescentes seg\u00fan la Ley Nacional N\u00b0 26.061, los servicios de la L\u00ednea 102 y la importancia de que ellos mismos puedan comunicarse, manifestar sus inquietudes, dudas y consultas respecto a situaciones que est\u00e9n atravesando.<\/p>\n\n\n\n<p>El taller estuvo destinado a ni\u00f1os y adolescentes de los Centros de Promoci\u00f3n de Derechos de Goya y Esquina.<\/p>\n\n\n\n<p>Adem\u00e1s, comentaron que se tiene previsto continuar en las&nbsp;distintas localidades mediante un trabajo articulado entre Naci\u00f3n-Provincia y municipios.<\/p>\n\n\n\n<p>En tanto, en&nbsp;Goya se realiz\u00f3 el jueves 9 de mayo el acto y posterior capacitaci\u00f3n en el Club Uni\u00f3n, estuvieron presentes el Director de los Derechos de la Ni\u00f1ez y la Familia,&nbsp;Manuel Santamar\u00eda&nbsp;del Ministerio de Desarrollo Social y el Intendente de Goya, Mariano Hormaechea.<\/p>\n\n\n\n<p>Tambi\u00e9n acompa\u00f1aron padres, tutores, directivos y personal de los Centros de Promoci\u00f3n de Derechos.<\/p>\n\n\n\n<p>En Esquina la Capacitaci\u00f3n se realiz\u00f3 el viernes 10 de mayo\u00a0 en el Centro de Promoci\u00f3n de Derechos \u201cNi\u00f1o Jes\u00fas\u201d en Los Sauces 1290.<\/p>\n\n\n\n<figure class=\"wp-block-image size-large\"><img loading=\"lazy\" decoding=\"async\" width=\"1024\" height=\"768\" src=\"https:\/\/corrientesdetarde.com\/wp-content\/uploads\/2024\/05\/image-219-1024x768.png\" alt=\"\" class=\"wp-image-147015\" srcset=\"https:\/\/corrientesdetarde.com\/wp-content\/uploads\/2024\/05\/image-219-1024x768.png 1024w, https:\/\/corrientesdetarde.com\/wp-content\/uploads\/2024\/05\/image-219-300x225.png 300w, https:\/\/corrientesdetarde.com\/wp-content\/uploads\/2024\/05\/image-219-768x576.png 768w, https:\/\/corrientesdetarde.com\/wp-content\/uploads\/2024\/05\/image-219.png 1080w\" sizes=\"auto, (max-width: 1024px) 100vw, 1024px\" \/><\/figure>\n\n\n\n<figure class=\"wp-block-image size-large\"><img loading=\"lazy\" decoding=\"async\" width=\"1024\" height=\"768\" src=\"https:\/\/corrientesdetarde.com\/wp-content\/uploads\/2024\/05\/image-220-1024x768.png\" alt=\"\" class=\"wp-image-147016\" srcset=\"https:\/\/corrientesdetarde.com\/wp-content\/uploads\/2024\/05\/image-220-1024x768.png 1024w, https:\/\/corrientesdetarde.com\/wp-content\/uploads\/2024\/05\/image-220-300x225.png 300w, https:\/\/corrientesdetarde.com\/wp-content\/uploads\/2024\/05\/image-220-768x576.png 768w, https:\/\/corrientesdetarde.com\/wp-content\/uploads\/2024\/05\/image-220.png 1280w\" sizes=\"auto, (max-width: 1024px) 100vw, 1024px\" \/><\/figure>\n\n\n\n<figure class=\"wp-block-image size-large\"><img loading=\"lazy\" decoding=\"async\" width=\"768\" height=\"1024\" src=\"https:\/\/corrientesdetarde.com\/wp-content\/uploads\/2024\/05\/image-221-768x1024.png\" alt=\"\" class=\"wp-image-147017\" srcset=\"https:\/\/corrientesdetarde.com\/wp-content\/uploads\/2024\/05\/image-221-768x1024.png 768w, https:\/\/corrientesdetarde.com\/wp-content\/uploads\/2024\/05\/image-221-225x300.png 225w, https:\/\/corrientesdetarde.com\/wp-content\/uploads\/2024\/05\/image-221.png 960w\" sizes=\"auto, (max-width: 768px) 100vw, 768px\" \/><\/figure>\n","protected":false},"excerpt":{"rendered":"<p>En el marco del proyecto de promoci\u00f3n y difusi\u00f3n de la L\u00ednea 102 de Corrientes implementado por el Ministerio de Desarrollo Social&nbsp;realiz\u00f3 el taller &#8221; Empoderando voces, descubriendo nuestros derechos&#8221;.&hellip; <\/p>\n","protected":false},"author":8,"featured_media":147018,"comment_status":"closed","ping_status":"open","sticky":false,"template":"","format":"standard","meta":{"footnotes":""},"categories":[17],"tags":[],"class_list":["post-147014","post","type-post","status-publish","format-standard","has-post-thumbnail","hentry","category-sociales"],"_links":{"self":[{"href":"https:\/\/corrientesdetarde.com\/index.php\/wp-json\/wp\/v2\/posts\/147014","targetHints":{"allow":["GET"]}}],"collection":[{"href":"https:\/\/corrientesdetarde.com\/index.php\/wp-json\/wp\/v2\/posts"}],"about":[{"href":"https:\/\/corrientesdetarde.com\/index.php\/wp-json\/wp\/v2\/types\/post"}],"author":[{"embeddable":true,"href":"https:\/\/corrientesdetarde.com\/index.php\/wp-json\/wp\/v2\/users\/8"}],"replies":[{"embeddable":true,"href":"https:\/\/corrientesdetarde.com\/index.php\/wp-json\/wp\/v2\/comments?post=147014"}],"version-history":[{"count":1,"href":"https:\/\/corrientesdetarde.com\/index.php\/wp-json\/wp\/v2\/posts\/147014\/revisions"}],"predecessor-version":[{"id":147019,"href":"https:\/\/corrientesdetarde.com\/index.php\/wp-json\/wp\/v2\/posts\/147014\/revisions\/147019"}],"wp:featuredmedia":[{"embeddable":true,"href":"https:\/\/corrientesdetarde.com\/index.php\/wp-json\/wp\/v2\/media\/147018"}],"wp:attachment":[{"href":"https:\/\/corrientesdetarde.com\/index.php\/wp-json\/wp\/v2\/media?parent=147014"}],"wp:term":[{"taxonomy":"category","embeddable":true,"href":"https:\/\/corrientesdetarde.com\/index.php\/wp-json\/wp\/v2\/categories?post=147014"},{"taxonomy":"post_tag","embeddable":true,"href":"https:\/\/corrientesdetarde.com\/index.php\/wp-json\/wp\/v2\/tags?post=147014"}],"curies":[{"name":"wp","href":"https:\/\/api.w.org\/{rel}","templated":true}]}}