{"id":147020,"date":"2024-05-13T13:48:58","date_gmt":"2024-05-13T16:48:58","guid":{"rendered":"https:\/\/corrientesdetarde.com\/?p=147020"},"modified":"2024-05-13T13:49:03","modified_gmt":"2024-05-13T16:49:03","slug":"el-actor-steve-buscemi-fue-golpeado-brutalmente-mientras-caminaba-en-nueva-york","status":"publish","type":"post","link":"https:\/\/corrientesdetarde.com\/index.php\/espectaculos\/el-actor-steve-buscemi-fue-golpeado-brutalmente-mientras-caminaba-en-nueva-york\/","title":{"rendered":"El actor Steve Buscemi fue golpeado brutalmente mientras caminaba en Nueva York"},"content":{"rendered":"\n<p>El protagonista de \u201cBoardwalk Empire\u201d tuvo que ser hospitalizado. El agresor todav\u00eda est\u00e1 pr\u00f3fugo.<\/p>\n\n\n\n<p>Mientras caminaba por las calles de Nueva York, el actor Steve Buscemi\u00a0fue atacado por un hombre que, de manera brutal,\u00a0<strong>lo golpe\u00f3 en la cara y lo dej\u00f3 herido.<\/strong><\/p>\n\n\n\n<p>La figura de la serie&nbsp;<em><strong>Boardwalk Empire<\/strong><\/em>&nbsp;tuvo que ser internado tras recibir un certero golpe en la cara por parte de un desconocido que arremeti\u00f3 contra \u00e9l mientras paseaba&nbsp;<strong>por la zona de Kips Bay<\/strong>. El atacante, luego, escap\u00f3.<\/p>\n\n\n\n<h2 class=\"wp-block-heading\">C\u00f3mo fue el ataque al actor Steve Buscemi<\/h2>\n\n\n\n<p>De acuerdo a lo que informaron fuentes policiales al medio<em>&nbsp;The Post<\/em>,<strong>&nbsp;lo que le pas\u00f3 a Steve Buscemi es el quinto ataque similar&nbsp;<\/strong>que ocurre en la zona. Los investigadores creen que es la misma persona la que est\u00e1 detr\u00e1s.<\/p>\n\n\n\n<figure class=\"wp-block-image\"><img decoding=\"async\" src=\"https:\/\/tn.com.ar\/resizer\/Rx-95K6UnPXmsg5UFWGNSqcO2_o=\/767x0\/smart\/filters:format(webp)\/cloudfront-us-east-1.images.arcpublishing.com\/artear\/6CXAQC6RCZELAR6T7WMYM7P5AQ.jpg\" alt=\"Steve Buscemi es una figura reconocida por sus pel\u00edculas y series. (Foto: REUTERS\/Mike Segar)\"\/><\/figure>\n\n\n\n<p>Tras recibir el golpe en la cara, el actor de 66 a\u00f1os sufri\u00f3 una gran hinchaz\u00f3n de la zona en la que recibi\u00f3 el fuerte impacto, al igual que del ojo izquierdo. Por eso lo tuvieron que trasladar al Hospital Bellevue para recibir tratamiento.<strong>&nbsp;El agresor escap\u00f3 tras el ataque y, hasta el momento, sigue pr\u00f3fugo.<\/strong><\/p>\n\n\n\n<p>\u201cSteve Buscemi fue agredido en el centro de Manhattan, otra v\u00edctima de un acto aleatorio de violencia en la ciudad. \u00c9l est\u00e1 bien y aprecia los buenos deseos de todos, aunque<strong>&nbsp;es incre\u00edblemente triste&nbsp;<\/strong>para todos que esto le haya sucedido mientras caminaba por las calles de Nueva York\u201d, asegur\u00f3 el representante de Buscemi en un comunicado a&nbsp;<em>The Post.<\/em><\/p>\n\n\n\n<p>Un testigo del violento momento dio detalles de lo que vio a ese medio. \u201cLo vi tropezar y caer hacia atr\u00e1s. Se levant\u00f3 y corri\u00f3 en direcci\u00f3n opuesta.<strong>&nbsp;No vi qui\u00e9n lo golpe\u00f3<\/strong>\u201d, coment\u00f3 la mujer identificada solo como Nat. Si bien el hecho ocurri\u00f3 el mi\u00e9rcoles al mediod\u00eda,&nbsp;<strong>la noticia reci\u00e9n trascendi\u00f3 este fin de semana.<\/strong><\/p>\n\n\n\n<figure class=\"wp-block-image\"><img decoding=\"async\" src=\"https:\/\/tn.com.ar\/resizer\/fGeS697Awa4IeQ8lhCgC2YV4LHw=\/767x0\/smart\/filters:format(webp)\/cloudfront-us-east-1.images.arcpublishing.com\/artear\/BIJHRBS34JRLASLLBNIGP3HCBE.png\" alt=\"Steve Buscemi, en la serie &quot;Miracle Workers&quot;. (Foto: TBS).\"\/><\/figure>\n\n\n\n<p>A partir de lo que ocurri\u00f3, los investigadores publicaron im\u00e1genes capturadas de una c\u00e1mara de la calle del atacante de Buscemi: e<strong>l agresor tiene m\u00e1s de 50 a\u00f1os,<\/strong>&nbsp;usaba barba tupida y vest\u00eda gorra de b\u00e9isbol, remera azul y un pantal\u00f3n deportivo de color negro.<\/p>\n\n\n\n<p>Buscemi tiene una carrera cinematogr\u00e1fica prol\u00edfica que abarca cuatro d\u00e9cadas e incluye papeles en pel\u00edculas premiadas como&nbsp;<em>Fargo<\/em>&nbsp;y&nbsp;<em>Perros de la calle<\/em>. Adem\u00e1s, es una de las figuras que siempre tuvo cameos en las pel\u00edculas de<strong>&nbsp;Adam Sandler<\/strong>&nbsp;y personific\u00f3 a un mafioso muy particular en la serie&nbsp;<em><strong>Boardwalk Empire<\/strong><\/em>, con la que gener\u00f3 mucha repercusi\u00f3n.<\/p>\n","protected":false},"excerpt":{"rendered":"<p>El protagonista de \u201cBoardwalk Empire\u201d tuvo que ser hospitalizado. El agresor todav\u00eda est\u00e1 pr\u00f3fugo. Mientras caminaba por las calles de Nueva York, el actor Steve Buscemi\u00a0fue atacado por un hombre&hellip; <\/p>\n","protected":false},"author":8,"featured_media":147021,"comment_status":"closed","ping_status":"open","sticky":false,"template":"","format":"standard","meta":{"footnotes":""},"categories":[19],"tags":[],"class_list":["post-147020","post","type-post","status-publish","format-standard","has-post-thumbnail","hentry","category-espectaculos"],"_links":{"self":[{"href":"https:\/\/corrientesdetarde.com\/index.php\/wp-json\/wp\/v2\/posts\/147020","targetHints":{"allow":["GET"]}}],"collection":[{"href":"https:\/\/corrientesdetarde.com\/index.php\/wp-json\/wp\/v2\/posts"}],"about":[{"href":"https:\/\/corrientesdetarde.com\/index.php\/wp-json\/wp\/v2\/types\/post"}],"author":[{"embeddable":true,"href":"https:\/\/corrientesdetarde.com\/index.php\/wp-json\/wp\/v2\/users\/8"}],"replies":[{"embeddable":true,"href":"https:\/\/corrientesdetarde.com\/index.php\/wp-json\/wp\/v2\/comments?post=147020"}],"version-history":[{"count":1,"href":"https:\/\/corrientesdetarde.com\/index.php\/wp-json\/wp\/v2\/posts\/147020\/revisions"}],"predecessor-version":[{"id":147022,"href":"https:\/\/corrientesdetarde.com\/index.php\/wp-json\/wp\/v2\/posts\/147020\/revisions\/147022"}],"wp:featuredmedia":[{"embeddable":true,"href":"https:\/\/corrientesdetarde.com\/index.php\/wp-json\/wp\/v2\/media\/147021"}],"wp:attachment":[{"href":"https:\/\/corrientesdetarde.com\/index.php\/wp-json\/wp\/v2\/media?parent=147020"}],"wp:term":[{"taxonomy":"category","embeddable":true,"href":"https:\/\/corrientesdetarde.com\/index.php\/wp-json\/wp\/v2\/categories?post=147020"},{"taxonomy":"post_tag","embeddable":true,"href":"https:\/\/corrientesdetarde.com\/index.php\/wp-json\/wp\/v2\/tags?post=147020"}],"curies":[{"name":"wp","href":"https:\/\/api.w.org\/{rel}","templated":true}]}}