{"id":147026,"date":"2024-05-13T13:55:55","date_gmt":"2024-05-13T16:55:55","guid":{"rendered":"https:\/\/corrientesdetarde.com\/?p=147026"},"modified":"2024-05-13T13:56:00","modified_gmt":"2024-05-13T16:56:00","slug":"ordenaron-27-allanamientos-contra-dirigentes-sociales-investigan-si-extorsionaron-a-beneficiarios-de-planes","status":"publish","type":"post","link":"https:\/\/corrientesdetarde.com\/index.php\/politica\/ordenaron-27-allanamientos-contra-dirigentes-sociales-investigan-si-extorsionaron-a-beneficiarios-de-planes\/","title":{"rendered":"Ordenaron 27 allanamientos contra dirigentes sociales: investigan si extorsionaron a beneficiarios de planes"},"content":{"rendered":"\n<p>En la causa est\u00e1n involucrados dirigentes del Polo Obrero, Movimientos Barrios de Pie y Frente de Organizaciones en Lucha.<\/p>\n\n\n\n<p>La Justicia orden\u00f3<strong>&nbsp;27 allanamientos<\/strong>&nbsp;en una causa que investiga a<strong>&nbsp;dirigentes sociales por extorsionar a beneficiarios de planes.&nbsp;<\/strong>Las denuncias contra los acusados fueron recibidas a trav\u00e9s de la<strong>&nbsp;l\u00ednea 134.<\/strong><\/p>\n\n\n\n<p>Las medidas judiciales establecidas involucran a<strong>&nbsp;referentes del Polo Obrero, Movimientos Barrios de Pie y Frente de Organizaciones en Lucha.<\/strong><\/p>\n\n\n\n<p>Las denuncias fueron recibidas a trav\u00e9s de la L\u00ednea 134 habilitada por el Ministerio de Seguridad de la Naci\u00f3n, habilitada para que beneficiarios de planes sociales pudieran denunciar amenazas por parte de los dirigentes piqueteros.<\/p>\n\n\n\n<p>De esta manera, la Sala I de la C\u00e1mara Criminal y Correccional Federal, por pedido del fiscal federal Gerardo Pollicita, orden\u00f3 los 27 allanamientos, sumado al pedido de&nbsp;<strong>declaraci\u00f3n indagatoria de<\/strong>&nbsp;los involucrados por los hechos que est\u00e1n siendo investigados.<\/p>\n\n\n\n<figure class=\"wp-block-image\"><img decoding=\"async\" src=\"https:\/\/tn.com.ar\/resizer\/ADhlQgX6phf6ejYS8qxR62X4uTM=\/767x0\/smart\/filters:format(webp)\/cloudfront-us-east-1.images.arcpublishing.com\/artear\/TIQOCK4AXJCWPA5UUT557WOK6Q.JPG\" alt=\"En la causa est\u00e1n involucrados dirigentes del Polo Obrero, Movimientos Barrios de Pie y Frente de Organizaciones en Lucha. (Foto: TN\/ Leandro Heredia)\"\/><\/figure>\n\n\n\n<p>La investigaci\u00f3n estuvo a cargo de la Polic\u00eda Federal Argentina (PFA) y, de acuerdo a fuentes de la causa, los se\u00f1alados \u201chabr\u00edan exigido coactivamente a los beneficiarios de planes sociales su participaci\u00f3n en marchas y manifestaciones p\u00fablicas y\/o la entrega de una porci\u00f3n de dinero, bajo la advertencia expresa en algunos casos de<strong>&nbsp;\u2018dar de baja el plan\u2019,&nbsp;<\/strong>conformando un total de&nbsp;<strong>924 casos\u201d.<\/strong><\/p>\n\n\n\n<p>\u201cSe desprende de las pesquisas, que los imputados canalizaron los fondos il\u00edcitos provenientes de las extorsiones a trav\u00e9s de \u2018cooperativas\u2019, desconoci\u00e9ndose el destino final de ese dinero, raz\u00f3n por la cual solicit\u00f3 el levantamiento del secreto fiscal y bancario de las personas requeridas a efectos de contar con un panorama global de sus patrimonios, para as\u00ed determinar si obtuvieron un r\u00e9dito econ\u00f3mico como resultado de los hechos de coacci\u00f3n y extorsi\u00f3n investigados\u201d, precisaron fuentes oficiales.<\/p>\n\n\n\n<p>Adem\u00e1s, el Tribunal orden\u00f3 el secuestro de los dispositivos electr\u00f3nicos que les pertenecen a los imputados debido a que la mayor\u00eda de las extorsiones se realizaban por esos medios. Tambi\u00e9n se secuestraron planillas, cuadernos de asistencias, registros de pagos, documentaci\u00f3n vinculada a planes sociales y tarjetas bancarias o comprobantes de extracci\u00f3n de dinero en efectivo.<\/p>\n\n\n\n<p>Del an\u00e1lisis de las denuncias que llegaron a la l\u00ednea 134, se acredit\u00f3 que<strong>&nbsp;se desviaban recursos<\/strong>&nbsp;y que a quienes no pod\u00edan asistir a las movilizaciones, se les solicitaba acreditaci\u00f3n con certificados m\u00e9dicos.<\/p>\n\n\n\n<p>Entre los acusados se encuentran: Jerem\u00edas Canteros, integrante de la mesa nacional del Polo Obrero; Elizabeth Palma, Giana Luc\u00eda Puppo, Cinthia Delgado, Gustavo V\u00e1squez, Dina Iramain, Brisa Paucara, Ronald Vargas, Iv\u00e1n Candotti, Lorenzo Martelli, Mercedes Fossat, Manuel Alonzo, Mar\u00eda Cecilia Cowper, Carlos Ignacio Fern\u00e1ndez Kostiuk, Nilsa Elena Torres, Leslie Castillo, Blanca Beatriz Chuquimia Tarquino, Gloria Santa Jaramillo Morales, Mar\u00eda Isolda Dotti, Gloria Estrada, Emmanuel Barriento, Tania Cassamello que pertenecen al Polo Obrero, Movimiento Barrios de Pie y Frente Organizaciones en Lucha (FOL).<\/p>\n","protected":false},"excerpt":{"rendered":"<p>En la causa est\u00e1n involucrados dirigentes del Polo Obrero, Movimientos Barrios de Pie y Frente de Organizaciones en Lucha. La Justicia orden\u00f3&nbsp;27 allanamientos&nbsp;en una causa que investiga a&nbsp;dirigentes sociales por&hellip; <\/p>\n","protected":false},"author":8,"featured_media":147027,"comment_status":"closed","ping_status":"open","sticky":false,"template":"","format":"standard","meta":{"footnotes":""},"categories":[3],"tags":[],"class_list":["post-147026","post","type-post","status-publish","format-standard","has-post-thumbnail","hentry","category-politica"],"_links":{"self":[{"href":"https:\/\/corrientesdetarde.com\/index.php\/wp-json\/wp\/v2\/posts\/147026","targetHints":{"allow":["GET"]}}],"collection":[{"href":"https:\/\/corrientesdetarde.com\/index.php\/wp-json\/wp\/v2\/posts"}],"about":[{"href":"https:\/\/corrientesdetarde.com\/index.php\/wp-json\/wp\/v2\/types\/post"}],"author":[{"embeddable":true,"href":"https:\/\/corrientesdetarde.com\/index.php\/wp-json\/wp\/v2\/users\/8"}],"replies":[{"embeddable":true,"href":"https:\/\/corrientesdetarde.com\/index.php\/wp-json\/wp\/v2\/comments?post=147026"}],"version-history":[{"count":1,"href":"https:\/\/corrientesdetarde.com\/index.php\/wp-json\/wp\/v2\/posts\/147026\/revisions"}],"predecessor-version":[{"id":147028,"href":"https:\/\/corrientesdetarde.com\/index.php\/wp-json\/wp\/v2\/posts\/147026\/revisions\/147028"}],"wp:featuredmedia":[{"embeddable":true,"href":"https:\/\/corrientesdetarde.com\/index.php\/wp-json\/wp\/v2\/media\/147027"}],"wp:attachment":[{"href":"https:\/\/corrientesdetarde.com\/index.php\/wp-json\/wp\/v2\/media?parent=147026"}],"wp:term":[{"taxonomy":"category","embeddable":true,"href":"https:\/\/corrientesdetarde.com\/index.php\/wp-json\/wp\/v2\/categories?post=147026"},{"taxonomy":"post_tag","embeddable":true,"href":"https:\/\/corrientesdetarde.com\/index.php\/wp-json\/wp\/v2\/tags?post=147026"}],"curies":[{"name":"wp","href":"https:\/\/api.w.org\/{rel}","templated":true}]}}