{"id":147029,"date":"2024-05-13T14:25:00","date_gmt":"2024-05-13T17:25:00","guid":{"rendered":"https:\/\/corrientesdetarde.com\/?p=147029"},"modified":"2024-05-13T14:26:07","modified_gmt":"2024-05-13T17:26:07","slug":"tassano-con-valdes-en-inauguracion-de-obras","status":"publish","type":"post","link":"https:\/\/corrientesdetarde.com\/index.php\/informacion-general\/tassano-con-valdes-en-inauguracion-de-obras\/","title":{"rendered":"Tassano con Vald\u00e9s en inauguraci\u00f3n de obras"},"content":{"rendered":"\n<p>Tassano con Vald\u00e9s en inauguraci\u00f3n deobras en la estrat\u00e9gica avenida Santa CatalinaEl intendente acompa\u00f1\u00f3 al gobernador en el acto de inauguraci\u00f3n de trabajos para mejorar la infraestructura de la ciudad, con pavimentaci\u00f3n, desag\u00fces pluviales e iluminaci\u00f3n led. \u201cEs una obra de primer nivel en la ciudad\u201d, se\u00f1al\u00f3 Tassano y destac\u00f3 la planificaci\u00f3n conjunta con la Provincia: \u201cSeguimos apostando a la transformaci\u00f3n de la ciudad\u201d.<\/p>\n\n\n\n<p>En la ma\u00f1ana de este lunes, el intendente Eduardo Tassano particip\u00f3, junto al gobernador Gustavo Vald\u00e9s, del acto de inauguraci\u00f3n de obras integrales en la avenida Santa Catalina, las cuales aportar\u00e1n a la conectividad vial de importantes barrios del sur de la ciudad. De esta manera, los vecinos del sur podr\u00e1n trasladarse por la ciudad de manera m\u00e1s r\u00e1pida, directa y segura.<br><br>Adem\u00e1s, las obras financiadas con recursos provinciales incluyeron la pavimentaci\u00f3n de 13 cuadras, desag\u00fces y colocaci\u00f3n de 88 luces led en la avenida. De este modo, Provincia y Municipio consolidan su trabajo conjunto para ofrecer soluciones estructurales que beneficien a los vecinos a corto y largo plazo<br><br>Participaron junto al gobernador y al intendente, el ministro de Obras P\u00fablicas Claudio Polich; el viceintendente, Emilio Lanari, y dem\u00e1s funcionarios y legisladores.<br><br>MEJORA DE TRANSITABILIDAD<br>\u201cUna obra de primer nivel en la ciudad\u201d, expres\u00f3 el intendente al destacar que las inauguraciones dar\u00e1n mejor transitabilidad en la zona sur de la capital.<br>A su vez, Tassano destac\u00f3 que \u201cestamos apostando a la transformaci\u00f3n de la ciudad mediante iluminaci\u00f3n, cord\u00f3n cuenta y dem\u00e1s obras que hacen a la mejora y desarrollo del sur\u201d.<br><br>ARTICULACI\u00d3N PROVINCIA-MUNICIPIO<br>Por su parte, el gobernador Vald\u00e9s resalt\u00f3 que \u201cestamos ante la habilitaci\u00f3n de una obra muy importante que vincula varias arterias y aporta al dinamismo de la ciudad\u201d.<br><br>ENTREGA DE EQUIPAMIENTOS<br>Posteriormente, el intendente acompa\u00f1\u00f3 al mandatario provincial en un acto en la costanera de entrega de veh\u00edculos para la Brigada de Incendios Forestales y una veintena de autobombas para Bomberos Voluntarios que contribuir\u00e1 al manejo del fuego en la provincia.<\/p>\n\n\n\n<figure class=\"wp-block-image size-large\"><img loading=\"lazy\" decoding=\"async\" width=\"1024\" height=\"682\" src=\"https:\/\/corrientesdetarde.com\/wp-content\/uploads\/2024\/05\/image-226-1024x682.png\" alt=\"\" class=\"wp-image-147030\" srcset=\"https:\/\/corrientesdetarde.com\/wp-content\/uploads\/2024\/05\/image-226-1024x682.png 1024w, https:\/\/corrientesdetarde.com\/wp-content\/uploads\/2024\/05\/image-226-300x200.png 300w, https:\/\/corrientesdetarde.com\/wp-content\/uploads\/2024\/05\/image-226-768x512.png 768w, https:\/\/corrientesdetarde.com\/wp-content\/uploads\/2024\/05\/image-226.png 1280w\" sizes=\"auto, (max-width: 1024px) 100vw, 1024px\" \/><\/figure>\n\n\n\n<figure class=\"wp-block-image size-large\"><img loading=\"lazy\" decoding=\"async\" width=\"1024\" height=\"682\" src=\"https:\/\/corrientesdetarde.com\/wp-content\/uploads\/2024\/05\/image-227-1024x682.png\" alt=\"\" class=\"wp-image-147031\" srcset=\"https:\/\/corrientesdetarde.com\/wp-content\/uploads\/2024\/05\/image-227-1024x682.png 1024w, https:\/\/corrientesdetarde.com\/wp-content\/uploads\/2024\/05\/image-227-300x200.png 300w, https:\/\/corrientesdetarde.com\/wp-content\/uploads\/2024\/05\/image-227-768x512.png 768w, https:\/\/corrientesdetarde.com\/wp-content\/uploads\/2024\/05\/image-227.png 1280w\" sizes=\"auto, (max-width: 1024px) 100vw, 1024px\" \/><\/figure>\n\n\n\n<figure class=\"wp-block-image size-large\"><img loading=\"lazy\" decoding=\"async\" width=\"1024\" height=\"682\" src=\"https:\/\/corrientesdetarde.com\/wp-content\/uploads\/2024\/05\/image-228-1024x682.png\" alt=\"\" class=\"wp-image-147032\" srcset=\"https:\/\/corrientesdetarde.com\/wp-content\/uploads\/2024\/05\/image-228-1024x682.png 1024w, https:\/\/corrientesdetarde.com\/wp-content\/uploads\/2024\/05\/image-228-300x200.png 300w, https:\/\/corrientesdetarde.com\/wp-content\/uploads\/2024\/05\/image-228-768x512.png 768w, https:\/\/corrientesdetarde.com\/wp-content\/uploads\/2024\/05\/image-228.png 1280w\" sizes=\"auto, (max-width: 1024px) 100vw, 1024px\" \/><\/figure>\n\n\n\n<figure class=\"wp-block-image size-large\"><img loading=\"lazy\" decoding=\"async\" width=\"1024\" height=\"682\" src=\"https:\/\/corrientesdetarde.com\/wp-content\/uploads\/2024\/05\/image-229-1024x682.png\" alt=\"\" class=\"wp-image-147033\" srcset=\"https:\/\/corrientesdetarde.com\/wp-content\/uploads\/2024\/05\/image-229-1024x682.png 1024w, https:\/\/corrientesdetarde.com\/wp-content\/uploads\/2024\/05\/image-229-300x200.png 300w, https:\/\/corrientesdetarde.com\/wp-content\/uploads\/2024\/05\/image-229-768x512.png 768w, https:\/\/corrientesdetarde.com\/wp-content\/uploads\/2024\/05\/image-229.png 1280w\" sizes=\"auto, (max-width: 1024px) 100vw, 1024px\" \/><\/figure>\n\n\n\n<figure class=\"wp-block-image size-large\"><img loading=\"lazy\" decoding=\"async\" width=\"1024\" height=\"682\" src=\"https:\/\/corrientesdetarde.com\/wp-content\/uploads\/2024\/05\/image-230-1024x682.png\" alt=\"\" class=\"wp-image-147034\" srcset=\"https:\/\/corrientesdetarde.com\/wp-content\/uploads\/2024\/05\/image-230-1024x682.png 1024w, https:\/\/corrientesdetarde.com\/wp-content\/uploads\/2024\/05\/image-230-300x200.png 300w, https:\/\/corrientesdetarde.com\/wp-content\/uploads\/2024\/05\/image-230-768x512.png 768w, https:\/\/corrientesdetarde.com\/wp-content\/uploads\/2024\/05\/image-230.png 1280w\" sizes=\"auto, (max-width: 1024px) 100vw, 1024px\" \/><\/figure>\n","protected":false},"excerpt":{"rendered":"<p>Tassano con Vald\u00e9s en inauguraci\u00f3n deobras en la estrat\u00e9gica avenida Santa CatalinaEl intendente acompa\u00f1\u00f3 al gobernador en el acto de inauguraci\u00f3n de trabajos para mejorar la infraestructura de la ciudad,&hellip; <\/p>\n","protected":false},"author":8,"featured_media":147030,"comment_status":"closed","ping_status":"open","sticky":false,"template":"","format":"standard","meta":{"footnotes":""},"categories":[1],"tags":[],"class_list":["post-147029","post","type-post","status-publish","format-standard","has-post-thumbnail","hentry","category-informacion-general"],"_links":{"self":[{"href":"https:\/\/corrientesdetarde.com\/index.php\/wp-json\/wp\/v2\/posts\/147029","targetHints":{"allow":["GET"]}}],"collection":[{"href":"https:\/\/corrientesdetarde.com\/index.php\/wp-json\/wp\/v2\/posts"}],"about":[{"href":"https:\/\/corrientesdetarde.com\/index.php\/wp-json\/wp\/v2\/types\/post"}],"author":[{"embeddable":true,"href":"https:\/\/corrientesdetarde.com\/index.php\/wp-json\/wp\/v2\/users\/8"}],"replies":[{"embeddable":true,"href":"https:\/\/corrientesdetarde.com\/index.php\/wp-json\/wp\/v2\/comments?post=147029"}],"version-history":[{"count":1,"href":"https:\/\/corrientesdetarde.com\/index.php\/wp-json\/wp\/v2\/posts\/147029\/revisions"}],"predecessor-version":[{"id":147035,"href":"https:\/\/corrientesdetarde.com\/index.php\/wp-json\/wp\/v2\/posts\/147029\/revisions\/147035"}],"wp:featuredmedia":[{"embeddable":true,"href":"https:\/\/corrientesdetarde.com\/index.php\/wp-json\/wp\/v2\/media\/147030"}],"wp:attachment":[{"href":"https:\/\/corrientesdetarde.com\/index.php\/wp-json\/wp\/v2\/media?parent=147029"}],"wp:term":[{"taxonomy":"category","embeddable":true,"href":"https:\/\/corrientesdetarde.com\/index.php\/wp-json\/wp\/v2\/categories?post=147029"},{"taxonomy":"post_tag","embeddable":true,"href":"https:\/\/corrientesdetarde.com\/index.php\/wp-json\/wp\/v2\/tags?post=147029"}],"curies":[{"name":"wp","href":"https:\/\/api.w.org\/{rel}","templated":true}]}}