{"id":147036,"date":"2024-05-13T14:29:43","date_gmt":"2024-05-13T17:29:43","guid":{"rendered":"https:\/\/corrientesdetarde.com\/?p=147036"},"modified":"2024-05-13T14:29:55","modified_gmt":"2024-05-13T17:29:55","slug":"valdes-entrego-autobombas-para-fortalecer-la-labor-de-los-bomberos-voluntarios-de-la-provincia","status":"publish","type":"post","link":"https:\/\/corrientesdetarde.com\/index.php\/locales\/valdes-entrego-autobombas-para-fortalecer-la-labor-de-los-bomberos-voluntarios-de-la-provincia\/","title":{"rendered":"Vald\u00e9s entreg\u00f3 autobombas para fortalecer la labor de los bomberos voluntarios de la Provincia"},"content":{"rendered":"\n<p>El gobernador Gustavo Vald\u00e9s entreg\u00f3 este lunes 22 autobombas a asociaciones de bomberos voluntarios de toda la Provincia. Las mismas fueron adquiridas por el Gobierno de Corrientes con el objetivo de dar una respuesta \u00e1gil y eficaz ante&nbsp;incendios forestales, protegiendo as\u00ed a los habitantes y a los bosques de todo el territorio correntino. Durante el acto, realizado en la Costanera de Capital, el Mandatario prometi\u00f3 apoyo para el centro de entrenamiento que la Federaci\u00f3n de Bomberos Voluntarios tiene proyectado.<\/p>\n\n\n\n<p>Las asociaciones de bomberos beneficiadas fueron las de Alvear, Chavarr\u00eda, Colonia Liebig, Apip\u00e9, El Sombrero, San Miguel, Pueblo Libertador, It\u00e1 Ibat\u00e9, Mocoret\u00e1, Concepci\u00f3n, Carolina, Ramada Paso, Bonpland, Santa Lucia, San Luis del Palmar, Tatacu\u00e1, Tabay, Santa Rosa, San Carlos, Mercedes, 9 de Julio, Capital y Ca\u00e1 Cat\u00ed.<\/p>\n\n\n\n<p>Tambi\u00e9n, a modo de exhibici\u00f3n, se encontraban parte de los m\u00f3viles que conforman la Brigada de Incendios Forestales (BrIF) de Corrientes, que consisten en 80 camionetas marca Toyota 4&#215;4, totalmente equipadas para ataque r\u00e1pido de incendios. Las mismas fueron entregadas oportunamente y algunos de ellos ya est\u00e1n en el interior en tareas operativas.&nbsp;<\/p>\n\n\n\n<p>Vald\u00e9s comenz\u00f3 sus palabras recordando los incendios que sufri\u00f3 el territorio correntino tiempo atr\u00e1s: \u201cOcurri\u00f3 y nos puede volver a ocurrir, as\u00ed que tiene que servir como aprendizaje\u201d. A la vez, pidi\u00f3 un aplauso para los bomberos que combatieron al fuego en ese entonces.<\/p>\n\n\n\n<p>\u201cInmediatamente fuimos y compramos todas las autobombas disponibles en el mercado argentino, unas diez o doce y se las donamos a los bomberos\u201d, agreg\u00f3, se\u00f1alando tambi\u00e9n que hubo donaciones por parte de Naci\u00f3n, el influencer Santiago Maratea y de la sociedad en conjunto.<\/p>\n\n\n\n<p>Dirigi\u00e9ndose al presidente de la Federaci\u00f3n de Bomberos Voluntarios, le dijo que \u201ccuente con nosotros\u201d y que las unidades de la Brigada Forestal van a estar siempre disponibles para apoyar su trabajo. \u201cSepa que cuenta con el Gobierno de Corrientes para seguir profesionalizando a nuestros bomberos\u201d, declar\u00f3 refiri\u00e9ndose al centro de entrenamiento que la Federaci\u00f3n de Bomberos tiene proyectado.<\/p>\n\n\n\n<p><strong>Ministro de Seguridad y director de Defensa Civil<\/strong><\/p>\n\n\n\n<p>El Director de Defensa Civil, Eulogio M\u00e1rquez, enumer\u00f3 distintas acciones del Gobierno provincial para la prevenci\u00f3n de focos \u00edgneos, recordando que \u201chemos recibido subsidios, equipamientos y veh\u00edculos\u201d. \u201cJam\u00e1s en la historia del sistema de bomberos voluntarios de la provincia hemos recibido tanta participaci\u00f3n del Estado\u201d, a\u00f1adi\u00f3 el mismo funcionario.<\/p>\n\n\n\n<p>El ministro de Seguridad, Buenaventura Duarte, por su parte, inst\u00f3 a las asociaciones a cuidar los veh\u00edculos entregados, los cuales est\u00e1n asegurados por 60 d\u00edas, lapso para la verificaci\u00f3n t\u00e9cnica, la mec\u00e1nica y la ingenier\u00eda de los mismos.<\/p>\n\n\n\n<p><strong>Presidente de la Federaci\u00f3n de Bomberos Voluntarios<\/strong><\/p>\n\n\n\n<p>Dirigi\u00e9ndose a los presentes, el titular de la Federaci\u00f3n Correntina de Asociaciones de Bomberos Voluntarios, Gustavo Zandon\u00e1 destac\u00f3 la gesti\u00f3n gubernamental \u201cde acompa\u00f1ar a los bomberos\u201d, tras los incendios de 2022-2023 en la provincia.<\/p>\n\n\n\n<p>\u201cHoy est\u00e1 de manifiesto que el gobernador no se olvid\u00f3 de los bomberos\u201d, reconoci\u00f3 el referente, valorando el acompa\u00f1amiento provincial.<\/p>\n\n\n\n<p>Ampliando lo que dijo Vald\u00e9s, Zandon\u00e1 dio cuenta que dentro de la misma Federaci\u00f3n est\u00e1 proyectada la ejecuci\u00f3n de un centro de entrenamiento \u201cpara que los bomberos sean cada d\u00eda m\u00e1s profesionales\u201d, en una zona c\u00e9ntrica de la ciudad.<\/p>\n\n\n\n<p><strong>Presencias<\/strong><\/p>\n\n\n\n<p>Acompa\u00f1aron a las autoridades mencionadas, el vicegobernador, Pedro Braillard Poccard; ministros; legisladores provinciales y nacionales; secretarios y subsecretarios provinciales; el director de Defensa Civil, Eulogio M\u00e1rquez; el intendente de Capital, Eduardo Tassano; presidentes de asociaciones de bomberos voluntarios de la provincia; autoridades municipales.<\/p>\n\n\n\n<figure class=\"wp-block-image size-large\"><img loading=\"lazy\" decoding=\"async\" width=\"1024\" height=\"682\" src=\"https:\/\/corrientesdetarde.com\/wp-content\/uploads\/2024\/05\/image-231-1024x682.png\" alt=\"\" class=\"wp-image-147037\" srcset=\"https:\/\/corrientesdetarde.com\/wp-content\/uploads\/2024\/05\/image-231-1024x682.png 1024w, https:\/\/corrientesdetarde.com\/wp-content\/uploads\/2024\/05\/image-231-300x200.png 300w, https:\/\/corrientesdetarde.com\/wp-content\/uploads\/2024\/05\/image-231-768x512.png 768w, https:\/\/corrientesdetarde.com\/wp-content\/uploads\/2024\/05\/image-231-1536x1023.png 1536w, https:\/\/corrientesdetarde.com\/wp-content\/uploads\/2024\/05\/image-231.png 1600w\" sizes=\"auto, (max-width: 1024px) 100vw, 1024px\" \/><\/figure>\n\n\n\n<figure class=\"wp-block-image size-large\"><img loading=\"lazy\" decoding=\"async\" width=\"1024\" height=\"682\" src=\"https:\/\/corrientesdetarde.com\/wp-content\/uploads\/2024\/05\/image-232-1024x682.png\" alt=\"\" class=\"wp-image-147038\" srcset=\"https:\/\/corrientesdetarde.com\/wp-content\/uploads\/2024\/05\/image-232-1024x682.png 1024w, https:\/\/corrientesdetarde.com\/wp-content\/uploads\/2024\/05\/image-232-300x200.png 300w, https:\/\/corrientesdetarde.com\/wp-content\/uploads\/2024\/05\/image-232-768x512.png 768w, https:\/\/corrientesdetarde.com\/wp-content\/uploads\/2024\/05\/image-232-1536x1023.png 1536w, https:\/\/corrientesdetarde.com\/wp-content\/uploads\/2024\/05\/image-232.png 1600w\" sizes=\"auto, (max-width: 1024px) 100vw, 1024px\" \/><\/figure>\n\n\n\n<figure class=\"wp-block-image size-large\"><img loading=\"lazy\" decoding=\"async\" width=\"1024\" height=\"682\" src=\"https:\/\/corrientesdetarde.com\/wp-content\/uploads\/2024\/05\/image-233-1024x682.png\" alt=\"\" class=\"wp-image-147039\" srcset=\"https:\/\/corrientesdetarde.com\/wp-content\/uploads\/2024\/05\/image-233-1024x682.png 1024w, https:\/\/corrientesdetarde.com\/wp-content\/uploads\/2024\/05\/image-233-300x200.png 300w, https:\/\/corrientesdetarde.com\/wp-content\/uploads\/2024\/05\/image-233-768x512.png 768w, https:\/\/corrientesdetarde.com\/wp-content\/uploads\/2024\/05\/image-233-1536x1023.png 1536w, https:\/\/corrientesdetarde.com\/wp-content\/uploads\/2024\/05\/image-233.png 1600w\" sizes=\"auto, (max-width: 1024px) 100vw, 1024px\" \/><\/figure>\n\n\n\n<figure class=\"wp-block-image size-large\"><img loading=\"lazy\" decoding=\"async\" width=\"1024\" height=\"682\" src=\"https:\/\/corrientesdetarde.com\/wp-content\/uploads\/2024\/05\/image-234-1024x682.png\" alt=\"\" class=\"wp-image-147040\" srcset=\"https:\/\/corrientesdetarde.com\/wp-content\/uploads\/2024\/05\/image-234-1024x682.png 1024w, https:\/\/corrientesdetarde.com\/wp-content\/uploads\/2024\/05\/image-234-300x200.png 300w, https:\/\/corrientesdetarde.com\/wp-content\/uploads\/2024\/05\/image-234-768x512.png 768w, https:\/\/corrientesdetarde.com\/wp-content\/uploads\/2024\/05\/image-234-1536x1023.png 1536w, https:\/\/corrientesdetarde.com\/wp-content\/uploads\/2024\/05\/image-234.png 1600w\" sizes=\"auto, (max-width: 1024px) 100vw, 1024px\" \/><\/figure>\n\n\n\n<figure class=\"wp-block-image size-large\"><img loading=\"lazy\" decoding=\"async\" width=\"1024\" height=\"682\" src=\"https:\/\/corrientesdetarde.com\/wp-content\/uploads\/2024\/05\/image-235-1024x682.png\" alt=\"\" class=\"wp-image-147041\" srcset=\"https:\/\/corrientesdetarde.com\/wp-content\/uploads\/2024\/05\/image-235-1024x682.png 1024w, https:\/\/corrientesdetarde.com\/wp-content\/uploads\/2024\/05\/image-235-300x200.png 300w, https:\/\/corrientesdetarde.com\/wp-content\/uploads\/2024\/05\/image-235-768x512.png 768w, https:\/\/corrientesdetarde.com\/wp-content\/uploads\/2024\/05\/image-235-1536x1023.png 1536w, https:\/\/corrientesdetarde.com\/wp-content\/uploads\/2024\/05\/image-235.png 1600w\" sizes=\"auto, (max-width: 1024px) 100vw, 1024px\" \/><\/figure>\n\n\n\n<figure class=\"wp-block-image size-large\"><img loading=\"lazy\" decoding=\"async\" width=\"1024\" height=\"682\" src=\"https:\/\/corrientesdetarde.com\/wp-content\/uploads\/2024\/05\/image-237-1024x682.png\" alt=\"\" class=\"wp-image-147043\" srcset=\"https:\/\/corrientesdetarde.com\/wp-content\/uploads\/2024\/05\/image-237-1024x682.png 1024w, https:\/\/corrientesdetarde.com\/wp-content\/uploads\/2024\/05\/image-237-300x200.png 300w, https:\/\/corrientesdetarde.com\/wp-content\/uploads\/2024\/05\/image-237-768x512.png 768w, https:\/\/corrientesdetarde.com\/wp-content\/uploads\/2024\/05\/image-237-1536x1023.png 1536w, https:\/\/corrientesdetarde.com\/wp-content\/uploads\/2024\/05\/image-237.png 1600w\" sizes=\"auto, (max-width: 1024px) 100vw, 1024px\" \/><\/figure>\n\n\n\n<figure class=\"wp-block-image size-large\"><img loading=\"lazy\" decoding=\"async\" width=\"1024\" height=\"682\" src=\"https:\/\/corrientesdetarde.com\/wp-content\/uploads\/2024\/05\/image-238-1024x682.png\" alt=\"\" class=\"wp-image-147044\" srcset=\"https:\/\/corrientesdetarde.com\/wp-content\/uploads\/2024\/05\/image-238-1024x682.png 1024w, https:\/\/corrientesdetarde.com\/wp-content\/uploads\/2024\/05\/image-238-300x200.png 300w, https:\/\/corrientesdetarde.com\/wp-content\/uploads\/2024\/05\/image-238-768x512.png 768w, https:\/\/corrientesdetarde.com\/wp-content\/uploads\/2024\/05\/image-238-1536x1023.png 1536w, https:\/\/corrientesdetarde.com\/wp-content\/uploads\/2024\/05\/image-238.png 1600w\" sizes=\"auto, (max-width: 1024px) 100vw, 1024px\" \/><\/figure>\n\n\n\n<figure class=\"wp-block-image size-large\"><img loading=\"lazy\" decoding=\"async\" width=\"1024\" height=\"682\" src=\"https:\/\/corrientesdetarde.com\/wp-content\/uploads\/2024\/05\/image-239-1024x682.png\" alt=\"\" class=\"wp-image-147045\" srcset=\"https:\/\/corrientesdetarde.com\/wp-content\/uploads\/2024\/05\/image-239-1024x682.png 1024w, https:\/\/corrientesdetarde.com\/wp-content\/uploads\/2024\/05\/image-239-300x200.png 300w, https:\/\/corrientesdetarde.com\/wp-content\/uploads\/2024\/05\/image-239-768x512.png 768w, https:\/\/corrientesdetarde.com\/wp-content\/uploads\/2024\/05\/image-239-1536x1023.png 1536w, https:\/\/corrientesdetarde.com\/wp-content\/uploads\/2024\/05\/image-239.png 1600w\" sizes=\"auto, (max-width: 1024px) 100vw, 1024px\" \/><\/figure>\n","protected":false},"excerpt":{"rendered":"<p>El gobernador Gustavo Vald\u00e9s entreg\u00f3 este lunes 22 autobombas a asociaciones de bomberos voluntarios de toda la Provincia. Las mismas fueron adquiridas por el Gobierno de Corrientes con el objetivo&hellip; <\/p>\n","protected":false},"author":8,"featured_media":147042,"comment_status":"closed","ping_status":"open","sticky":false,"template":"","format":"standard","meta":{"footnotes":""},"categories":[8],"tags":[],"class_list":["post-147036","post","type-post","status-publish","format-standard","has-post-thumbnail","hentry","category-locales"],"_links":{"self":[{"href":"https:\/\/corrientesdetarde.com\/index.php\/wp-json\/wp\/v2\/posts\/147036","targetHints":{"allow":["GET"]}}],"collection":[{"href":"https:\/\/corrientesdetarde.com\/index.php\/wp-json\/wp\/v2\/posts"}],"about":[{"href":"https:\/\/corrientesdetarde.com\/index.php\/wp-json\/wp\/v2\/types\/post"}],"author":[{"embeddable":true,"href":"https:\/\/corrientesdetarde.com\/index.php\/wp-json\/wp\/v2\/users\/8"}],"replies":[{"embeddable":true,"href":"https:\/\/corrientesdetarde.com\/index.php\/wp-json\/wp\/v2\/comments?post=147036"}],"version-history":[{"count":1,"href":"https:\/\/corrientesdetarde.com\/index.php\/wp-json\/wp\/v2\/posts\/147036\/revisions"}],"predecessor-version":[{"id":147046,"href":"https:\/\/corrientesdetarde.com\/index.php\/wp-json\/wp\/v2\/posts\/147036\/revisions\/147046"}],"wp:featuredmedia":[{"embeddable":true,"href":"https:\/\/corrientesdetarde.com\/index.php\/wp-json\/wp\/v2\/media\/147042"}],"wp:attachment":[{"href":"https:\/\/corrientesdetarde.com\/index.php\/wp-json\/wp\/v2\/media?parent=147036"}],"wp:term":[{"taxonomy":"category","embeddable":true,"href":"https:\/\/corrientesdetarde.com\/index.php\/wp-json\/wp\/v2\/categories?post=147036"},{"taxonomy":"post_tag","embeddable":true,"href":"https:\/\/corrientesdetarde.com\/index.php\/wp-json\/wp\/v2\/tags?post=147036"}],"curies":[{"name":"wp","href":"https:\/\/api.w.org\/{rel}","templated":true}]}}