{"id":147053,"date":"2024-05-13T14:47:31","date_gmt":"2024-05-13T17:47:31","guid":{"rendered":"https:\/\/corrientesdetarde.com\/?p=147053"},"modified":"2024-05-13T14:47:42","modified_gmt":"2024-05-13T17:47:42","slug":"santiago-del-moro-se-harto-de-que-lo-acusen-de-defender-a-furia-en-gran-hermano-y-respondio-sin-filtros","status":"publish","type":"post","link":"https:\/\/corrientesdetarde.com\/index.php\/espectaculos\/santiago-del-moro-se-harto-de-que-lo-acusen-de-defender-a-furia-en-gran-hermano-y-respondio-sin-filtros\/","title":{"rendered":"Santiago del Moro se hart\u00f3 de que lo acusen de defender a Furia en Gran Hermano y respondi\u00f3 sin filtros"},"content":{"rendered":"\n<p>El conductor se enoj\u00f3 cuando lo criticaron en las redes por su manera de opinar sobre la instructora deportiva.<\/p>\n\n\n\n<p>Hace varios d\u00edas que algunos fan\u00e1ticos de\u00a0Gran Hermano 2023(Telefe) vienen criticando a\u00a0Juliana \u201cFuria\u201d Scaglione, sobre todo, luego de que le impusieran la sanci\u00f3n por sus actitudes violentas hacia sus compa\u00f1eros. Esto motiv\u00f3 que, al mismo tiempo, la figura de\u00a0Santiago del Moro\u00a0sea tambi\u00e9n cuestionada por algunos seguidores.<\/p>\n\n\n\n<p>En<em><strong>El Club del Moro<\/strong><\/em>(<em>La 100<\/em>), el conductor del reality se mostr\u00f3 completamente harto de&nbsp;<strong>que lo acusen de defender a Furia&nbsp;<\/strong>en el programa y respondi\u00f3 sin pelos en la lengua.<\/p>\n\n\n\n<p>A trav\u00e9s de las redes, una usuaria critic\u00f3 al animador mientras el conductor contaba lo que hab\u00eda pasado en la gala de eliminaci\u00f3n de este domingo.&nbsp;<strong>\u201cYa est\u00e1 Del Moro justificando a Furia en la radio!&nbsp;<\/strong>Qu\u00e9 tipo pesado con la pelada!\u201d, lanz\u00f3.<\/p>\n\n\n\n<figure class=\"wp-block-image\"><img decoding=\"async\" src=\"https:\/\/tn.com.ar\/resizer\/gpbDnG24OVQLMmd4mKMArv_DUMg=\/767x0\/smart\/filters:format(webp)\/cloudfront-us-east-1.images.arcpublishing.com\/artear\/YPWS65CANFFKHOQZNUC2MF4QQA.jpg\" alt=\"Santiago del Moro es el conductor de &quot;Gran Hermano 2023&quot;. (Foto: captura de Telefe)\"\/><\/figure>\n\n\n\n<p>Del Moro vio este mensaje y, entonces, ofuscado, le contest\u00f3. \u201cYo informo lo que ustedes votan.&nbsp;<strong>\u00bfQu\u00e9 quer\u00e9s que haga? \u00bfNo les gust\u00f3? la gente vot\u00f3<\/strong>, es un programa de televisi\u00f3n\u201d, coment\u00f3 sobre el versus entre<strong>&nbsp;Furia y Mauro.<\/strong><\/p>\n\n\n\n<h2 class=\"wp-block-heading\">As\u00ed fue la salida de Mauro de Gran Hermano 2023<\/h2>\n\n\n\n<p>En un mano a mano de fuerte impacto, Mauro D\u00b4Alessio\u00a0<strong>perdi\u00f3 frente a Furia\u00a0<\/strong>y qued\u00f3\u00a0<strong>fuera de la competencia\u00a0<\/strong>por decisi\u00f3n del p\u00fablico. El n\u00famero fue de un\u00a0<strong>57,8% frente al 42,2%\u00a0<\/strong>de su compa\u00f1era, que sigue en la casa<\/p>\n\n\n\n<p><strong>\u201cUno de ustedes tiene que salir, as\u00ed que vamos a los bifes: qui\u00e9n se va de la casa m\u00e1s famosa del mundo es&#8230; \u00a1Mauro!\u201d,<\/strong>&nbsp;anunci\u00f3 Santiago del Moro en el \u00faltimo bloque del reality. Al escuchar las palabras del conductor, el jugador salud\u00f3 entre l\u00e1grimas a todos y se abraz\u00f3 con cada uno de ellos.<\/p>\n\n\n\n<figure class=\"wp-block-image\"><img decoding=\"async\" src=\"https:\/\/tn.com.ar\/resizer\/vFGW7w-VGNRt6kzYGhFFkIcqSHE=\/767x0\/smart\/filters:format(webp)\/cloudfront-us-east-1.images.arcpublishing.com\/artear\/KFXP67RFCZG27GPUAW43CJZJTA.PNG\" alt=\"As\u00ed qued\u00f3 la votaci\u00f3n en &quot;Gran Hermano&quot;. (Foto: Captura Telefe)\"\/><\/figure>\n\n\n\n<p>La despedida m\u00e1s conmovedora fue con Furia.&nbsp;<strong>\u201cTe amo\u201d<\/strong>, exclam\u00f3 la instructora deportiva y lo<strong>&nbsp;salud\u00f3 con un beso en la boca<\/strong>. \u201cSon unas personas incre\u00edbles, recontra<strong>&nbsp;orgulloso y agradecido<\/strong>&nbsp;de todos ustedes\u201d, exclam\u00f3 Mauro, antes de cruzar la puerta de la casa hacia el exterior.<\/p>\n\n\n\n<p>La eliminaci\u00f3n de&nbsp;Mauro&nbsp;dej\u00f3 completamente devastada a&nbsp;Juliana \u201cFuria\u201d Scaglione, una de las estrategas m\u00e1s importantes de esta edici\u00f3n del reality.<\/p>\n\n\n\n<p>La instructora deportiva&nbsp;cree que fue&nbsp;Emma Vich&nbsp;quien estuvo detr\u00e1s de que su pareja dentro de la casa se enfrentara con ella y, por eso, no&nbsp;quiere saber m\u00e1s nada con ser amiga del peluquero.<\/p>\n","protected":false},"excerpt":{"rendered":"<p>El conductor se enoj\u00f3 cuando lo criticaron en las redes por su manera de opinar sobre la instructora deportiva. Hace varios d\u00edas que algunos fan\u00e1ticos de\u00a0Gran Hermano 2023(Telefe) vienen criticando&hellip; <\/p>\n","protected":false},"author":8,"featured_media":147054,"comment_status":"closed","ping_status":"open","sticky":false,"template":"","format":"standard","meta":{"footnotes":""},"categories":[19],"tags":[],"class_list":["post-147053","post","type-post","status-publish","format-standard","has-post-thumbnail","hentry","category-espectaculos"],"_links":{"self":[{"href":"https:\/\/corrientesdetarde.com\/index.php\/wp-json\/wp\/v2\/posts\/147053","targetHints":{"allow":["GET"]}}],"collection":[{"href":"https:\/\/corrientesdetarde.com\/index.php\/wp-json\/wp\/v2\/posts"}],"about":[{"href":"https:\/\/corrientesdetarde.com\/index.php\/wp-json\/wp\/v2\/types\/post"}],"author":[{"embeddable":true,"href":"https:\/\/corrientesdetarde.com\/index.php\/wp-json\/wp\/v2\/users\/8"}],"replies":[{"embeddable":true,"href":"https:\/\/corrientesdetarde.com\/index.php\/wp-json\/wp\/v2\/comments?post=147053"}],"version-history":[{"count":1,"href":"https:\/\/corrientesdetarde.com\/index.php\/wp-json\/wp\/v2\/posts\/147053\/revisions"}],"predecessor-version":[{"id":147055,"href":"https:\/\/corrientesdetarde.com\/index.php\/wp-json\/wp\/v2\/posts\/147053\/revisions\/147055"}],"wp:featuredmedia":[{"embeddable":true,"href":"https:\/\/corrientesdetarde.com\/index.php\/wp-json\/wp\/v2\/media\/147054"}],"wp:attachment":[{"href":"https:\/\/corrientesdetarde.com\/index.php\/wp-json\/wp\/v2\/media?parent=147053"}],"wp:term":[{"taxonomy":"category","embeddable":true,"href":"https:\/\/corrientesdetarde.com\/index.php\/wp-json\/wp\/v2\/categories?post=147053"},{"taxonomy":"post_tag","embeddable":true,"href":"https:\/\/corrientesdetarde.com\/index.php\/wp-json\/wp\/v2\/tags?post=147053"}],"curies":[{"name":"wp","href":"https:\/\/api.w.org\/{rel}","templated":true}]}}