{"id":147061,"date":"2024-05-13T15:27:26","date_gmt":"2024-05-13T18:27:26","guid":{"rendered":"https:\/\/corrientesdetarde.com\/?p=147061"},"modified":"2024-05-13T15:27:31","modified_gmt":"2024-05-13T18:27:31","slug":"acelerar-compras-de-cables-y-senalamientos-el-motivo-del-gobierno-para-declarar-la-emergencia-ferroviaria","status":"publish","type":"post","link":"https:\/\/corrientesdetarde.com\/index.php\/informacion-general\/acelerar-compras-de-cables-y-senalamientos-el-motivo-del-gobierno-para-declarar-la-emergencia-ferroviaria\/","title":{"rendered":"Acelerar compras de cables y se\u00f1alamientos: el motivo del Gobierno para declarar la emergencia ferroviaria"},"content":{"rendered":"\n<p>La medida se dispuso a partir de un informe de la Comisi\u00f3n Nacional de Regulaci\u00f3n del Transporte.<\/p>\n\n\n\n<p>El Gobierno anunci\u00f3, a trav\u00e9s del vocero presidencial,\u00a0Manuel Adorni,\u00a0en conferencia de prensa, la declaraci\u00f3n de la emergencia ferroviaria tras el\u00a0choque de trenes\u00a0de la l\u00ednea San Mart\u00edn en Palermo. El funcionario aclar\u00f3 que la medida se dispuso a partir de un\u00a0informe\u00a0de la Comisi\u00f3n Nacional de Regulaci\u00f3n del Transporte (CNRT), y no por la colisi\u00f3n de trenes.<\/p>\n\n\n\n<p>La emergencia ferroviaria que el Gobierno anunci\u00f3 que decretar\u00e1 permitir\u00e1 la aceleraci\u00f3n \u201cde forma urgente\u201d de los procesos licitatorios en cuestiones clave para el funcionamiento del servicio de trenes como\u00a0<strong>cables y se\u00f1alamiento.<\/strong>\u00a0Aspectos fundamentales ya que, seg\u00fan le informaron fuentes <strong>,<\/strong>\u00a0la locomotora que choc\u00f3 con el tren de la l\u00ednea San Mart\u00edn trabajaba en la\u00a0 reparaci\u00f3n de se\u00f1ales da\u00f1adas\u00a0 a causa de un robo de cables. Por una<strong>\u00a0falla en la comunicaci\u00f3n<\/strong>\u00a0entre ambas formaciones el tren de pasajeros avanz\u00f3 y choc\u00f3 de frente al furg\u00f3n que estaba detenido.<\/p>\n\n\n\n<p>Desde la Secretar\u00eda de Transporte le aclararon \u00a0que el pr\u00f3ximo mi\u00e9rcoles llegar\u00e1 una compra de cables realizada hace dos meses y destacaron que la prioridad es y ser\u00e1 la\u00a0<strong>seguridad operacional.<\/strong>\u00a0Cuestionaron que en la gesti\u00f3n anterior hubo impulsos a obras de arte, murales y bancos de g\u00e9nero, que advirtieron que no eran necesarias.<\/p>\n\n\n\n<h2 class=\"wp-block-heading\">El anuncio del Gobierno de emergencia ferroviaria tras el choque de trenes en Palermo<\/h2>\n\n\n\n<figure class=\"wp-block-image\"><img decoding=\"async\" src=\"https:\/\/tn.com.ar\/resizer\/klXBzwpHPXlKKBHOFbrX_LzUofA=\/767x0\/smart\/filters:format(webp)\/thumbs.vodgc.net\/2BDF0E822ADF0D1A1CDD939FE47893A3230.jpg%3F092272\" alt=\"Video Placeholder\"\/><\/figure>\n\n\n\n<p>Tras el choque de trenes de la l\u00ednea San Mart\u00edn en Palermo, el Gobierno decretar\u00e1 la<strong>&nbsp;emergencia ferroviaria,<\/strong>&nbsp;anuncio que hizo el vocero presidencial, que aclar\u00f3 en conferencia de prensa en Casa Rosada que la medida se dispuso a partir de un informe de la Comisi\u00f3n Nacional de Regulaci\u00f3n del Transporte (CNRT).<\/p>\n\n\n\n<ul class=\"wp-block-list\">\n<li>Adorni explic\u00f3 que la declaraci\u00f3n de emergencia ferroviaria \u201cno es por el accidente del viernes, sino por el informe recibido de la CNRT en abril, sobre una red ferroviaria devastada\u201d y dijo que \u201cen cualquier momento estar\u00e1 publicado el decreto\u201d de la medida.<\/li>\n\n\n\n<li>El vocero presidencial dijo tras la recepci\u00f3n de un informe de la CNRT a fines de abril que \u201cse le dio traslado a las autoridades de las compa\u00f1\u00edas que tienen los ramales de trenes\u201d, advirti\u00f3 que \u201cla red est\u00e1 devastada\u201d, que el 10 de diciembre, tras el cambio de Gobierno, se encontraron \u201ccon una\u00a0<strong>deuda de m\u00e1s de US$100 millones\u201d<\/strong>\u00a0en el \u00e1rea y critic\u00f3: \u201cSe pon\u00eda mucho m\u00e1s \u00e9nfasis en<strong>\u00a0pintar un mural<\/strong>\u00a0en una estaci\u00f3n que en aportar al mantenimiento y buen funcionamiento del sistema\u201d.<\/li>\n\n\n\n<li>Adorni dijo en relaci\u00f3n a las causas del choque de trenes en Palermo de una formaci\u00f3n del\u00a0<strong>San Mart\u00edn<\/strong>\u00a0que impact\u00f3 contra una locomotora y un coche furg\u00f3n vac\u00edo: \u201cDejamos que la Justicia investigue, entendemos que hubo\u00a0<strong>un error humano,\u00a0<\/strong>pero somos respetuosos del trabajo de la Justicia, con la que colaboramos en todo lo que se nos requiera\u201d.<\/li>\n<\/ul>\n","protected":false},"excerpt":{"rendered":"<p>La medida se dispuso a partir de un informe de la Comisi\u00f3n Nacional de Regulaci\u00f3n del Transporte. El Gobierno anunci\u00f3, a trav\u00e9s del vocero presidencial,\u00a0Manuel Adorni,\u00a0en conferencia de prensa, la&hellip; <\/p>\n","protected":false},"author":8,"featured_media":147062,"comment_status":"closed","ping_status":"open","sticky":false,"template":"","format":"standard","meta":{"footnotes":""},"categories":[1],"tags":[],"class_list":["post-147061","post","type-post","status-publish","format-standard","has-post-thumbnail","hentry","category-informacion-general"],"_links":{"self":[{"href":"https:\/\/corrientesdetarde.com\/index.php\/wp-json\/wp\/v2\/posts\/147061","targetHints":{"allow":["GET"]}}],"collection":[{"href":"https:\/\/corrientesdetarde.com\/index.php\/wp-json\/wp\/v2\/posts"}],"about":[{"href":"https:\/\/corrientesdetarde.com\/index.php\/wp-json\/wp\/v2\/types\/post"}],"author":[{"embeddable":true,"href":"https:\/\/corrientesdetarde.com\/index.php\/wp-json\/wp\/v2\/users\/8"}],"replies":[{"embeddable":true,"href":"https:\/\/corrientesdetarde.com\/index.php\/wp-json\/wp\/v2\/comments?post=147061"}],"version-history":[{"count":1,"href":"https:\/\/corrientesdetarde.com\/index.php\/wp-json\/wp\/v2\/posts\/147061\/revisions"}],"predecessor-version":[{"id":147063,"href":"https:\/\/corrientesdetarde.com\/index.php\/wp-json\/wp\/v2\/posts\/147061\/revisions\/147063"}],"wp:featuredmedia":[{"embeddable":true,"href":"https:\/\/corrientesdetarde.com\/index.php\/wp-json\/wp\/v2\/media\/147062"}],"wp:attachment":[{"href":"https:\/\/corrientesdetarde.com\/index.php\/wp-json\/wp\/v2\/media?parent=147061"}],"wp:term":[{"taxonomy":"category","embeddable":true,"href":"https:\/\/corrientesdetarde.com\/index.php\/wp-json\/wp\/v2\/categories?post=147061"},{"taxonomy":"post_tag","embeddable":true,"href":"https:\/\/corrientesdetarde.com\/index.php\/wp-json\/wp\/v2\/tags?post=147061"}],"curies":[{"name":"wp","href":"https:\/\/api.w.org\/{rel}","templated":true}]}}