{"id":147067,"date":"2024-05-13T15:37:19","date_gmt":"2024-05-13T18:37:19","guid":{"rendered":"https:\/\/corrientesdetarde.com\/?p=147067"},"modified":"2024-05-13T15:37:22","modified_gmt":"2024-05-13T18:37:22","slug":"el-problema-que-le-genero-carlos-tevez-a-independiente-tras-la-derrota-ante-talleres","status":"publish","type":"post","link":"https:\/\/corrientesdetarde.com\/index.php\/deportes\/el-problema-que-le-genero-carlos-tevez-a-independiente-tras-la-derrota-ante-talleres\/","title":{"rendered":"El problema que le gener\u00f3 Carlos Tevez a Independiente tras la derrota ante Talleres"},"content":{"rendered":"\n<p>El Apache decidi\u00f3 suspender la conferencia de prensa luego de la ca\u00edda del Rojo por 3-1 ante la T por la primera fecha de la Liga Profesional.<\/p>\n\n\n\n<p><strong>Independiente<\/strong>, que el torneo pasado perdi\u00f3 de manera ins\u00f3lita la chance de clasificar a los cuartos de final de la&nbsp;<strong>Copa de la Liga,<\/strong>&nbsp;arranc\u00f3 la&nbsp;<strong>Liga Profesional de F\u00fatbol (LPF)&nbsp;<\/strong>de la peor manera posible: de local ante&nbsp;<strong>Talleres de C\u00f3rdoba<\/strong>&nbsp;perdi\u00f3 3-1 y mostr\u00f3 un flojo nivel que gener\u00f3 la bronca de los hinchas.<\/p>\n\n\n\n<p>Una vez finalizado el encuentro,&nbsp;<strong>Carlos Tevez&nbsp;<\/strong>decidi\u00f3 suspender la conferencia de prensa y esta acci\u00f3n le trajo algunos problemas a la dirigencia del &#8220;Rojo&#8221; que deber\u00e1 solucionarlos en las pr\u00f3ximas horas.<\/p>\n\n\n\n<blockquote class=\"wp-block-quote is-layout-flow wp-block-quote-is-layout-flow\">\n<figure class=\"wp-block-embed is-type-rich is-provider-twitter wp-block-embed-twitter\"><div class=\"wp-block-embed__wrapper\">\n<blockquote class=\"twitter-tweet\" data-width=\"550\" data-dnt=\"true\"><p lang=\"es\" dir=\"ltr\">Tras la derrota ante Talleres en Avellaneda, Tevez SUSPENDI\u00d3 la conferencia de prensa de Independiente. <a href=\"https:\/\/t.co\/y4bZcaSs6A\">pic.twitter.com\/y4bZcaSs6A<\/a><\/p>&mdash; SportsCenter (@SC_ESPN) <a href=\"https:\/\/twitter.com\/SC_ESPN\/status\/1789432979669881236?ref_src=twsrc%5Etfw\">May 11, 2024<\/a><\/blockquote><script async src=\"https:\/\/platform.twitter.com\/widgets.js\" charset=\"utf-8\"><\/script>\n<\/div><\/figure>\n<\/blockquote>\n\n\n\n<h2 class=\"wp-block-heading\">Carlos Tevez, sancionado por el reglamento de la LPF<\/h2>\n\n\n\n<p>El inciso 4 del art\u00edculo 51 del Reglamento de Organizaci\u00f3n, Desarrollo y Transmisi\u00f3n (ODT) de la Liga Profesional establece que&nbsp;<strong>\u201cambos t\u00e9cnicos est\u00e1n obligados a estar disponibles para la conferencia de prensa despu\u00e9s del partido\u201d<\/strong>. El incumplimiento de esta norma implica una sanci\u00f3n que se traduce en una&nbsp;<strong>\u201cmulta econ\u00f3mica equivalente al valor bruto de 250 entradas generales\u201d<\/strong>. Por eso, Independiente deber\u00e1 pagar una cifra cercana a los 3 millones de pesos.<\/p>\n\n\n\n<p>Esta decisi\u00f3n viene siendo algo com\u00fan en el entrenador que qued\u00f3 en el centro de las cr\u00edticas de los hinchas del equipo de Avellaneda. Ya es la tercera vez que el &#8220;<strong>Apache<\/strong>&#8221; decide no hablar con los medios tras un partido. La primera vez fue en la derrota ante&nbsp;<strong>Deportivo Riestra<\/strong>&nbsp;y la segunda fue tambi\u00e9n contra el conjunto cordob\u00e9s, pero en la \u00faltima fecha de la&nbsp;<strong>Copa de la Liga<\/strong>.<\/p>\n","protected":false},"excerpt":{"rendered":"<p>El Apache decidi\u00f3 suspender la conferencia de prensa luego de la ca\u00edda del Rojo por 3-1 ante la T por la primera fecha de la Liga Profesional. Independiente, que el&hellip; <\/p>\n","protected":false},"author":8,"featured_media":147068,"comment_status":"closed","ping_status":"open","sticky":false,"template":"","format":"standard","meta":{"footnotes":""},"categories":[4],"tags":[],"class_list":["post-147067","post","type-post","status-publish","format-standard","has-post-thumbnail","hentry","category-deportes"],"_links":{"self":[{"href":"https:\/\/corrientesdetarde.com\/index.php\/wp-json\/wp\/v2\/posts\/147067","targetHints":{"allow":["GET"]}}],"collection":[{"href":"https:\/\/corrientesdetarde.com\/index.php\/wp-json\/wp\/v2\/posts"}],"about":[{"href":"https:\/\/corrientesdetarde.com\/index.php\/wp-json\/wp\/v2\/types\/post"}],"author":[{"embeddable":true,"href":"https:\/\/corrientesdetarde.com\/index.php\/wp-json\/wp\/v2\/users\/8"}],"replies":[{"embeddable":true,"href":"https:\/\/corrientesdetarde.com\/index.php\/wp-json\/wp\/v2\/comments?post=147067"}],"version-history":[{"count":1,"href":"https:\/\/corrientesdetarde.com\/index.php\/wp-json\/wp\/v2\/posts\/147067\/revisions"}],"predecessor-version":[{"id":147069,"href":"https:\/\/corrientesdetarde.com\/index.php\/wp-json\/wp\/v2\/posts\/147067\/revisions\/147069"}],"wp:featuredmedia":[{"embeddable":true,"href":"https:\/\/corrientesdetarde.com\/index.php\/wp-json\/wp\/v2\/media\/147068"}],"wp:attachment":[{"href":"https:\/\/corrientesdetarde.com\/index.php\/wp-json\/wp\/v2\/media?parent=147067"}],"wp:term":[{"taxonomy":"category","embeddable":true,"href":"https:\/\/corrientesdetarde.com\/index.php\/wp-json\/wp\/v2\/categories?post=147067"},{"taxonomy":"post_tag","embeddable":true,"href":"https:\/\/corrientesdetarde.com\/index.php\/wp-json\/wp\/v2\/tags?post=147067"}],"curies":[{"name":"wp","href":"https:\/\/api.w.org\/{rel}","templated":true}]}}