{"id":147076,"date":"2024-05-13T15:55:07","date_gmt":"2024-05-13T18:55:07","guid":{"rendered":"https:\/\/corrientesdetarde.com\/?p=147076"},"modified":"2024-05-13T15:55:12","modified_gmt":"2024-05-13T18:55:12","slug":"el-gobierno-denuncio-que-casi-el-50-de-los-comedores-que-recibian-apoyo-del-estado-no-existen","status":"publish","type":"post","link":"https:\/\/corrientesdetarde.com\/index.php\/nacionales\/el-gobierno-denuncio-que-casi-el-50-de-los-comedores-que-recibian-apoyo-del-estado-no-existen\/","title":{"rendered":"El Gobierno denunci\u00f3 que casi el 50% de los comedores que recib\u00edan apoyo del Estado no existen"},"content":{"rendered":"\n<p>La cartera conducida por Sandra Pettovello afirma que la gesti\u00f3n de Alberto Fern\u00e1ndez \u201cno realiz\u00f3 los controles\u201d. Los casos.<\/p>\n\n\n\n<p>El Gobierno present\u00f3 una denuncia penal luego de conocer que el&nbsp;<strong>50% de los comedores<\/strong>&nbsp;que formaban parte del Plan Nacional Argentina Contra el Hambre, creado durante la pandemia,<strong>&nbsp;eran inexistentes.<\/strong><\/p>\n\n\n\n<p>El Ministerio de Capital Humano inform\u00f3 que en algunos casos los datos de la preinscripci\u00f3n\u00a0<strong>no coinciden con los reales<\/strong>, en otros en\u00a0<strong>la direcci\u00f3n declarada nunca funcion\u00f3<\/strong>\u00a0un merendero y otros directamente no funcionan m\u00e1s como comedores.<\/p>\n\n\n\n<p>Los datos surgen de las auditor\u00edas que realiz\u00f3 la cartera que conduce la ministra Sandra Pettovello y en este caso surgieron del Registro Nacional de Comedores y Merenderos Comunitarios de Organizaciones de la Sociedad Civil (RENACOM).<\/p>\n\n\n\n<p>De ah\u00ed surge la investigaci\u00f3n contra el programa&nbsp;<strong>Argentina contra el Hambre<\/strong>, presentado el 8 de enero de 2020 como un plan nacional para garantizar la seguridad alimentaria a sectores vulnerables y garantizarse el acceso a los alimentos y las prestaciones para merenderos y comedores comunitarios.<\/p>\n\n\n\n<p>Seg\u00fan la denuncia presentada por la secretar\u00eda legal del ministerio de Capital Humano\u00a0el proceso constaba de tres pasos resumidos de la siguiente manera: en un primer lugar la\u00a0<strong>preinscripci\u00f3n;\u00a0<\/strong>en segundo lugar la\u00a0<strong>validaci\u00f3n;\u00a0<\/strong>y finalmente la\u00a0<strong>matriculaci\u00f3n.<\/strong><\/p>\n\n\n\n<p>Esta \u00faltima etapa matriculaba por un lapso de&nbsp;<strong>dos a\u00f1os&nbsp;<\/strong>y requer\u00eda una revalidaci\u00f3n a partir de esa fecha, es decir, en 2022 aproximadamente. Si el comedor o merendero no era validado, no deb\u00eda seguir formando parte de los beneficiarios.<\/p>\n\n\n\n<figure class=\"wp-block-image\"><img decoding=\"async\" src=\"https:\/\/tn.com.ar\/resizer\/YgLBnQbemPOjnNMk_IczQfeuV7M=\/767x0\/smart\/filters:format(webp)\/cloudfront-us-east-1.images.arcpublishing.com\/artear\/EIA2KB3N3FCG5DFLXYS5YFPLVM.jpg\" alt=\"Cocineras de comedores comunitarios, las fuerzas femeninas que sostienen al pa\u00eds. (Foto: La Poderosa)\"\/><\/figure>\n\n\n\n<p>La auditor\u00eda realizada por la cartera de\u00a0Capital Humano afirma que la gesti\u00f3n anterior\u00a0<strong>\u201cno realiz\u00f3 los controles correspondientes sobre los comedores a los que asist\u00eda con mercader\u00eda\u201d.<\/strong><\/p>\n\n\n\n<p>\u201cLa ausencia de control en los dineros estatales se refleja en la imposibilidad material de poder controlar y\/o inspeccionar debidamente los beneficios que se otorgaron, y\/o si los comedores beneficiarios de las mismas fueron correctamente seleccionadas a tal efecto; o bien, si aquellos ten\u00edan alg\u00fan tipo de incompatibilidad que tornara ilegal dicho otorgamiento\u201d, relata la presentaci\u00f3n judicial.<\/p>\n\n\n\n<p>El Gobierno asegura que&nbsp;<strong>solo pudo relevar la mitad (52,3%) de todos los comedores&nbsp;<\/strong>que aparecen en el RENACOM y que el restante 47,7% no pudo ser relevado, dado que son catalogados como \u201cinexistentes\u201d por distintos motivos.<\/p>\n\n\n\n<p>Seg\u00fan la presentaci\u00f3n judicial, el&nbsp;<strong>32% de los comedores no funciona m\u00e1s&nbsp;<\/strong>como tal;el&nbsp;<strong>25% de los datos de la preinscripci\u00f3n no coinciden con los reales<\/strong>&nbsp;(direcciones inexistentes, direcciones en las que no hay comedores\/merenderos) y casi el&nbsp;<strong>16%&nbsp;<\/strong>declar\u00f3 una direcci\u00f3n en la que&nbsp;<strong>nunca funcion\u00f3 un comedor\/merendero.<\/strong><\/p>\n\n\n\n<p>En la denuncia, desde Capital Humano se\u00f1alaron que \u201cConquistando Sonrisas\u201d; \u201cPeque\u00f1os Gigantes de Quilmes\u201d; \u201cCielos Abiertos\u201d; \u201cLuz de Luna de Pereyra\u201d; \u201cEsperanza\u201d; \u201cLos Peques de San Alberto\u201d; \u201cLuz y Esperanza\u201d; \u201cNo Funciona Como Tal\u201d- son algunos de los ejemplos de supuestos comedores que<strong>&nbsp;no exist\u00edan en los domicilios declarados.<\/strong><\/p>\n\n\n\n<p>Uno de los casos m\u00e1s llamativos es el del comedor&nbsp;<strong>\u201cGauchito Gil\u201d,&nbsp;<\/strong>donde el Gobierno al intentar constatar la existencia del merendero se encontr\u00f3 con un barrio privado. Similar es el caso de \u201cSol de Barrio\u201d, un comedor que no pudieron localizar y donde los vecinos reconocen que all\u00ed nunca funcion\u00f3.<\/p>\n\n\n\n<p>\u201cEn otros casos, ni siquiera existen nombres de los lugares en el registro, sino que se los identifica apenas con un n\u00famero de expediente, pero que incluso al realizarse la inspecci\u00f3n ocular se demostr\u00f3 que tampoco exist\u00eda\u201d, aseguraron los denunciantes.<\/p>\n\n\n\n<p>Con este todo panorama, la actual gesti\u00f3n denunci\u00f3 el&nbsp;<strong>incumplimiento de deberes de funcionario p\u00fablico y el fraude a la Administraci\u00f3n P\u00fablica.<\/strong><\/p>\n","protected":false},"excerpt":{"rendered":"<p>La cartera conducida por Sandra Pettovello afirma que la gesti\u00f3n de Alberto Fern\u00e1ndez \u201cno realiz\u00f3 los controles\u201d. Los casos. El Gobierno present\u00f3 una denuncia penal luego de conocer que el&nbsp;50%&hellip; <\/p>\n","protected":false},"author":8,"featured_media":147077,"comment_status":"closed","ping_status":"open","sticky":false,"template":"","format":"standard","meta":{"footnotes":""},"categories":[10],"tags":[],"class_list":["post-147076","post","type-post","status-publish","format-standard","has-post-thumbnail","hentry","category-nacionales"],"_links":{"self":[{"href":"https:\/\/corrientesdetarde.com\/index.php\/wp-json\/wp\/v2\/posts\/147076","targetHints":{"allow":["GET"]}}],"collection":[{"href":"https:\/\/corrientesdetarde.com\/index.php\/wp-json\/wp\/v2\/posts"}],"about":[{"href":"https:\/\/corrientesdetarde.com\/index.php\/wp-json\/wp\/v2\/types\/post"}],"author":[{"embeddable":true,"href":"https:\/\/corrientesdetarde.com\/index.php\/wp-json\/wp\/v2\/users\/8"}],"replies":[{"embeddable":true,"href":"https:\/\/corrientesdetarde.com\/index.php\/wp-json\/wp\/v2\/comments?post=147076"}],"version-history":[{"count":1,"href":"https:\/\/corrientesdetarde.com\/index.php\/wp-json\/wp\/v2\/posts\/147076\/revisions"}],"predecessor-version":[{"id":147078,"href":"https:\/\/corrientesdetarde.com\/index.php\/wp-json\/wp\/v2\/posts\/147076\/revisions\/147078"}],"wp:featuredmedia":[{"embeddable":true,"href":"https:\/\/corrientesdetarde.com\/index.php\/wp-json\/wp\/v2\/media\/147077"}],"wp:attachment":[{"href":"https:\/\/corrientesdetarde.com\/index.php\/wp-json\/wp\/v2\/media?parent=147076"}],"wp:term":[{"taxonomy":"category","embeddable":true,"href":"https:\/\/corrientesdetarde.com\/index.php\/wp-json\/wp\/v2\/categories?post=147076"},{"taxonomy":"post_tag","embeddable":true,"href":"https:\/\/corrientesdetarde.com\/index.php\/wp-json\/wp\/v2\/tags?post=147076"}],"curies":[{"name":"wp","href":"https:\/\/api.w.org\/{rel}","templated":true}]}}