{"id":147079,"date":"2024-05-13T16:21:27","date_gmt":"2024-05-13T19:21:27","guid":{"rendered":"https:\/\/corrientesdetarde.com\/?p=147079"},"modified":"2024-05-13T16:26:41","modified_gmt":"2024-05-13T19:26:41","slug":"jose-pepe-mujica-dijo-que-javier-milei-es-consecuencia-de-que-los-gobiernos-kirchneristas-no-se-hacen-cargo-de-la-hiperinflacion","status":"publish","type":"post","link":"https:\/\/corrientesdetarde.com\/index.php\/politica\/jose-pepe-mujica-dijo-que-javier-milei-es-consecuencia-de-que-los-gobiernos-kirchneristas-no-se-hacen-cargo-de-la-hiperinflacion\/","title":{"rendered":"Jos\u00e9 \u201cPepe\u201d Mujica dijo que Javier Milei es consecuencia de que los gobiernos kirchneristas \u201cno se hacen cargo\u201d de la hiperinflaci\u00f3n"},"content":{"rendered":"\n<p>El expresidente de Uruguay sostuvo que el Presidente es &#8220;una locura&#8221;, producto de la &#8220;desesperaci\u00f3n&#8221; y lo equipar\u00f3 a la llegada de Adolf Hitler al poder en Alemania<a href=\"https:\/\/www.clarin.com\/politica\/jose-pepe-mujica-dijo-javier-milei-consecuencia-gobiernos-kirchneristas-hacen-cargo-hiperinflacion_0_CYqqPjIT10.html#\"><\/a><a href=\"https:\/\/www.clarin.com\/politica\/jose-pepe-mujica-dijo-javier-milei-consecuencia-gobiernos-kirchneristas-hacen-cargo-hiperinflacion_0_CYqqPjIT10.html#\"><\/a><\/p>\n\n\n\n<p>Jos\u00e9 &#8220;\u00a8Pepe&#8221; Mujica nunca tuvo demasiados reveses para decir lo que piensa. Menos ahora, que con 88 a\u00f1os, recibe periodistas mientras transita un c\u00e1ncer de es\u00f3fago,\u00a0 que le implic\u00f3 un tratamiento con radioterapia. El expresidente de Uruguay opin\u00f3 y dijo, sobre la Argentina, que<strong>\u00a0Javier Milei<\/strong>\u00a0es &#8220;una\u00a0<strong>consecuencia de la desesperaci\u00f3n<\/strong>&#8221; y &#8220;una\u00a0<strong>locura<\/strong>&#8221; que surgi\u00f3 de que los<strong>\u00a0gobiernos kirchneristas<\/strong>\u00a0&#8220;no se hacen cargo&#8221; de la\u00a0<strong>hiperinflaci\u00f3n<\/strong>\u00a0y\u00a0<strong>carecen de &#8220;visi\u00f3n autocr\u00edtica<\/strong>&#8220;.<\/p>\n\n\n\n<p>As\u00ed se lo dijo a una periodista del diario brasile\u00f1o Folha de Sao Pablo que public\u00f3 una entrevista con \u00e9l este lunes. Mujica no dud\u00f3 en trazar un&nbsp;<strong>paralelo entre el surgimiento del libertario y los or\u00edgenes de Adolf Hitler<\/strong>&nbsp;en Alemania.<\/p>\n\n\n\n<p>&#8220;Una locura. Y consecuencia de la desesperaci\u00f3n que puede permitir generar en una sociedad el fen\u00f3meno de la hiperinflaci\u00f3n. Es lo que le pas\u00f3 a la Rep\u00fablica de Weimar en la d\u00e9cada del 30.&nbsp;<strong>El pueblo m\u00e1s culto, m\u00e1s desarrollado de Europa, termin\u00f3 votando a Hitler.<\/strong>&nbsp;Una cosa de locos, de locos. Tambi\u00e9n se equivocan. Los pueblos se pueden equivocar porque&nbsp;<strong>la hiperinflaci\u00f3n desespera a la gente<\/strong>. Y entonces es capaz de apostar por cualquier cosa que est\u00e9 en contra&#8221;, respondi\u00f3 el ex mandatario de Uruguay cuando le preguntaron qu\u00e9 le parec\u00eda el gobierno de Milei.<\/p>\n\n\n\n<p>Pero no dej\u00f3 afuera de su cr\u00edtica a los gobiernos kirchneristas, con los que supo tener afinidad y cercan\u00eda. La periodista brasile\u00f1a le record\u00f3 que &#8220;la hiperinflaci\u00f3n de alguna manera es resultado de los gobiernos Kirchner&#8221; y Mujica coincidi\u00f3. &#8220;S\u00ed. Y&nbsp;<strong>no se hacen cargo. Lo peor es que no hay una visi\u00f3n autocr\u00edtica<\/strong>&nbsp;porque eso no pas\u00f3 por orden de los dioses, pas\u00f3 por errores humanos&#8221;.<\/p>\n\n\n\n<p>Desde su finca en las afueras de Montevideo, el exmandatario se tom\u00f3 un minuto para marcar las diferencias del actual presidente de Uruguay, Luis Lacalle Pou, con su vecino de la orilla de enfrente a la hora de asignar un rol al Estado en la econom\u00eda.<\/p>\n\n\n\n<p>&#8220;Yo no s\u00e9 cu\u00e1l es el rol ideal, pero lo que te puedo decir es que en el Uruguay el Estado pesa, hist\u00f3ricamente (&#8230;) Tuvimos gobiernos muy peculiares para la historia de Am\u00e9rica Latina, muy social dem\u00f3cratas&#8221;, rememor\u00f3.<\/p>\n\n\n\n<p>&#8220;Lacalle no puede escapar a la importancia del Estado. Entonces va a la Argentina y tiene un pensamiento en algunas cosas concordante con Milei, pero no cae, no puede caer en la barbaridad de Milei jam\u00e1s. La historia del Uruguay no se lo permitir\u00eda&#8221;, subray\u00f3 el otrora l\u00edder del Frente Amplio.<\/p>\n\n\n\n<h2 class=\"wp-block-heading\">&#8220;Por ahora no siento nada&#8221;<\/h2>\n\n\n\n<p>Hace dos semanas, &#8220;Pepe&#8221; cont\u00f3 p\u00fablicamente que tiene un tumor en el es\u00f3fago, detectado en un chequeo m\u00e9dico, y cuyo tratamiento es doblemente complejo porque padece una enfermedad inmunol\u00f3gica desde hace mas de 20 a\u00f1os.<\/p>\n\n\n\n<p>&#8220;La \u00fanica opci\u00f3n que tengo es&nbsp;<strong>un tratamiento con radiaci\u00f3n<\/strong>. Que tengo que cumplir todos los d\u00edas durante unas 30 sesiones consecutivas (&#8230;) No siento nada. Me dicen que cuando vayan 15 o 20 puedo sentir algo. Pero por ahora no siento nada&#8221;, cont\u00f3 ahora, sin un dejo de l\u00e1stima.<\/p>\n\n\n\n<p>&#8220;Dentro de la desgracia tuve relativamente suerte, porque el an\u00e1lisis celular muestra que hay dos variables de tejido y el que me afect\u00f3 a m\u00ed es el m\u00e1s sensible a la radiaci\u00f3n.&nbsp;<strong>No tengo met\u00e1stasis<\/strong>. Est\u00e1 localizado en un lugar que no atraves\u00f3 la pared del es\u00f3fago y bueno, seg\u00fan ellos es controlable y hasta erradicable&#8221;, agreg\u00f3.<\/p>\n\n\n\n<p>Y en medio de la entrevista, revel\u00f3&nbsp;<strong>un detalle de su anatom\u00eda&nbsp;<\/strong>que parece inspirado en su larga tradici\u00f3n de militancia pol\u00edtica.<\/p>\n\n\n\n<p>&#8220;Adem\u00e1s se me dio una casualidad. De los l\u00edos que tuve de joven, perd\u00ed medio pulm\u00f3n. Eso le cre\u00f3 al coraz\u00f3n mayor espacio, y&nbsp;<strong>el coraz\u00f3n est\u00e1 inclinado hacia la izquierda<\/strong>, lo cual favorece el tratamiento&#8221;, cont\u00f3. Como no pod\u00eda ser de otra manera en el caso de su coraz\u00f3n.<\/p>\n","protected":false},"excerpt":{"rendered":"<p>El expresidente de Uruguay sostuvo que el Presidente es &#8220;una locura&#8221;, producto de la &#8220;desesperaci\u00f3n&#8221; y lo equipar\u00f3 a la llegada de Adolf Hitler al poder en Alemania Jos\u00e9 &#8220;\u00a8Pepe&#8221;&hellip; <\/p>\n","protected":false},"author":8,"featured_media":147082,"comment_status":"closed","ping_status":"open","sticky":false,"template":"","format":"standard","meta":{"footnotes":""},"categories":[3],"tags":[],"class_list":["post-147079","post","type-post","status-publish","format-standard","has-post-thumbnail","hentry","category-politica"],"_links":{"self":[{"href":"https:\/\/corrientesdetarde.com\/index.php\/wp-json\/wp\/v2\/posts\/147079","targetHints":{"allow":["GET"]}}],"collection":[{"href":"https:\/\/corrientesdetarde.com\/index.php\/wp-json\/wp\/v2\/posts"}],"about":[{"href":"https:\/\/corrientesdetarde.com\/index.php\/wp-json\/wp\/v2\/types\/post"}],"author":[{"embeddable":true,"href":"https:\/\/corrientesdetarde.com\/index.php\/wp-json\/wp\/v2\/users\/8"}],"replies":[{"embeddable":true,"href":"https:\/\/corrientesdetarde.com\/index.php\/wp-json\/wp\/v2\/comments?post=147079"}],"version-history":[{"count":1,"href":"https:\/\/corrientesdetarde.com\/index.php\/wp-json\/wp\/v2\/posts\/147079\/revisions"}],"predecessor-version":[{"id":147081,"href":"https:\/\/corrientesdetarde.com\/index.php\/wp-json\/wp\/v2\/posts\/147079\/revisions\/147081"}],"wp:featuredmedia":[{"embeddable":true,"href":"https:\/\/corrientesdetarde.com\/index.php\/wp-json\/wp\/v2\/media\/147082"}],"wp:attachment":[{"href":"https:\/\/corrientesdetarde.com\/index.php\/wp-json\/wp\/v2\/media?parent=147079"}],"wp:term":[{"taxonomy":"category","embeddable":true,"href":"https:\/\/corrientesdetarde.com\/index.php\/wp-json\/wp\/v2\/categories?post=147079"},{"taxonomy":"post_tag","embeddable":true,"href":"https:\/\/corrientesdetarde.com\/index.php\/wp-json\/wp\/v2\/tags?post=147079"}],"curies":[{"name":"wp","href":"https:\/\/api.w.org\/{rel}","templated":true}]}}