{"id":147481,"date":"2024-05-14T22:30:21","date_gmt":"2024-05-15T01:30:21","guid":{"rendered":"https:\/\/corrientesdetarde.com\/?p=147481"},"modified":"2024-05-14T22:30:25","modified_gmt":"2024-05-15T01:30:25","slug":"que-dijo-posse-sobre-los-perros-de-milei-y-su-activa-participacion-en-redes-sociales","status":"publish","type":"post","link":"https:\/\/corrientesdetarde.com\/index.php\/politica\/que-dijo-posse-sobre-los-perros-de-milei-y-su-activa-participacion-en-redes-sociales\/","title":{"rendered":"\u00bfQu\u00e9 dijo Posse sobre los perros de Milei y su activa participaci\u00f3n en redes sociales?"},"content":{"rendered":"\n<p><\/p>\n\n\n\n<p>Ante consultas de senadores, el jefe de Gabinete respondi\u00f3 sobre los canes, designaciones y redes sociales, entre otros temas.<\/p>\n\n\n\n<p>En un extenso informe que present\u00f3 ante los senadores previo a su visita a la C\u00e1mara alta,&nbsp;el jefe de Gabinete,&nbsp;<strong>Nicol\u00e1s Posse, se refiri\u00f3 a los perros del presidente Javier Milei,<\/strong>&nbsp;a su participaci\u00f3n activa en las redes sociales y las contrataciones de funcionarios como el&nbsp;hermano de su vocero Manuel Adorni.<\/p>\n\n\n\n<p>Entre las&nbsp;<strong>m\u00e1s de 1300 preguntas&nbsp;<\/strong>que le llegaron de parte de los bloques opositores al titular de ministros, hab\u00eda consultas sobre las mascotas presidenciales, un punto que genera intriga&nbsp;especialmente en el \u00e1mbito de las redes y porque ante preguntas de la prensa el Gobierno no ha dado detalles precisos sobre el tema.<\/p>\n\n\n\n<p>El senador del radicalismo por Tierra del Fuego,&nbsp;<strong>Pablo Blanco<\/strong>, escribi\u00f3 en su pedido de informes: &#8220;En relaci\u00f3n a los perros del se\u00f1or presidente Milei y eventualmente otros animales que habitan&nbsp;la Residencia Presidencial de la Quinta de Olivos: a)&nbsp;<strong>\u00bfEst\u00e1n residiendo en forma habitual en la Quinta de Olivos? En su caso, \u00bfdesde qu\u00e9 fecha? b) \u00bfCu\u00e1les son las condiciones en las que viven? Detallando espacio destinado, cuidados ofrecidos, alimentaci\u00f3n, sanidad y personal a cargo&#8221;.<\/strong><\/p>\n\n\n\n<p><strong>&#8220;c) De acuerdo a declaraciones que en su oportunidad verti\u00f3 el se\u00f1or Presidente a la prensa, los perros hab\u00edan perdido sociabilidad a ra\u00edz de la pandemia y en ocasiones mord\u00edan.<\/strong>&nbsp;Cu\u00e1l es&nbsp;el procedimiento que se ha adoptado para revertir esta situaci\u00f3n, si a\u00fan ofrecen este riesgo, si requieren entrenamiento especial, si viven todos juntos o hubo que separarlos. d) Relacionado con la&nbsp;anterior, cu\u00e1l es el personal asignado al cuidado, alimentaci\u00f3n, limpieza de espacios, etc\u00e9tera; y si tienen especializaci\u00f3n en el tema&#8221;, inquiri\u00f3 el radical.<\/p>\n\n\n\n<p>En ese sentido, el informe de Posse incluy\u00f3 una respuesta que lleg\u00f3 de parte de la Secretar\u00eda General de la Presidencia, a cargo de&nbsp;<strong>Karina Milei.&nbsp;<\/strong><\/p>\n\n\n\n<p>&#8220;La Secretar\u00eda General de la Presidencia de la Naci\u00f3n informa que las mascotas del Presidente residen en un \u00e1rea espec\u00edfica de la Residencia Presidencial de Olivos, donde reciben los cuidados necesarios, siguiendo las mismas pr\u00e1cticas que han tenido las mascotas de anteriores presidentes&#8221;, indic\u00f3 la oficina de la hermana del mandatario nacional.<\/p>\n\n\n\n<p>Adem\u00e1s, se\u00f1al\u00f3 que&nbsp;<strong>&#8220;se realiz\u00f3 un acondicionamiento del Sector de Casa Sustentable para ser utilizado como caniles&#8221;.<\/strong><\/p>\n\n\n\n<p>&#8220;Cabe destacar que&nbsp;<strong>no se otorgan prerrogativas de seguridad para las mascotas y no se cuenta con personal exclusivo asignado para el cuidado de los perros. Respecto a los gastos de manutenci\u00f3n, no son sufragados con fondos del Tesoro Nacional&#8221;<\/strong>, aclar\u00f3.<\/p>\n\n\n\n<p>Otro de los puntos enfocados por la oposici\u00f3n fue la activa participaci\u00f3n de&nbsp;<strong>Milei en redes sociales.<\/strong><\/p>\n\n\n\n<p>Fue el senador de Uni\u00f3n por la Patria<strong>&nbsp;Eduardo &#8220;Wado&#8221; de Pedro<\/strong>, quien cuestion\u00f3 las &#8220;<strong>expresiones o reproducciones indecorosas, irrespetuosas, ofensivas y agraviantes efectuadas por el presidente de la Naci\u00f3n, Javier Milei&#8221; en redes.<\/strong><\/p>\n\n\n\n<p><strong>&#8220;\u00bfC\u00f3mo se decidi\u00f3 que la informaci\u00f3n oficial trascienda mediante likes del Presidente a publicaciones de terceros en redes sociales en horas de la madrugada?&nbsp;<\/strong>\u00bfCu\u00e1l es el objetivo de compartir publicaciones en las que se degrada a las personas con discapacidad o&nbsp;<strong>se mofa de aberraciones como la pedofilia?<\/strong>&nbsp;\u00bfCu\u00e1ndo va a cesar la reiterada violaci\u00f3n por parte de la Presidencia de la Naci\u00f3n de la Ley de Acceso a la Informaci\u00f3n P\u00fablica y la normativa vigente en t\u00e9rminos de transparencia?&#8221;, remarc\u00f3 De Pedro.<\/p>\n\n\n\n<p>Tambi\u00e9n respondi\u00f3 la&nbsp;<strong>Secretar\u00eda General de Presidencia<\/strong>&nbsp;de forma breve: &#8220;Desde la Secretar\u00eda General de la Presidencia de la Naci\u00f3n se hace saber que desde esta Secretar\u00eda da efectivo&nbsp;cumplimiento a los t\u00e9rminos establecidos en la Ley N\u00b0 27.275 (de Acceso a la Informaci\u00f3n P\u00fablica)&#8221;.<\/p>\n\n\n\n<p>Entre las preguntas apareci\u00f3 la designaci\u00f3n de&nbsp;<strong>Francisco Adorni,&nbsp;<\/strong>hermano del vocero presidencial, al frente de la Unidad de Auditor\u00eda Interna del Ministerio de Defensa.<\/p>\n\n\n\n<p><strong>&#8220;La designaci\u00f3n fue de acuerdo a las normas vigentes y seg\u00fan los requisitos establecidos para ese cargo&#8221;<\/strong>, inform\u00f3 Posse en base a una respuesta del Ministerio de Defensa, que lidera Luis Petri.<\/p>\n","protected":false},"excerpt":{"rendered":"<p>Ante consultas de senadores, el jefe de Gabinete respondi\u00f3 sobre los canes, designaciones y redes sociales, entre otros temas. En un extenso informe que present\u00f3 ante los senadores previo a&hellip; <\/p>\n","protected":false},"author":4,"featured_media":147503,"comment_status":"closed","ping_status":"open","sticky":false,"template":"","format":"standard","meta":{"footnotes":""},"categories":[3],"tags":[],"class_list":["post-147481","post","type-post","status-publish","format-standard","has-post-thumbnail","hentry","category-politica"],"_links":{"self":[{"href":"https:\/\/corrientesdetarde.com\/index.php\/wp-json\/wp\/v2\/posts\/147481","targetHints":{"allow":["GET"]}}],"collection":[{"href":"https:\/\/corrientesdetarde.com\/index.php\/wp-json\/wp\/v2\/posts"}],"about":[{"href":"https:\/\/corrientesdetarde.com\/index.php\/wp-json\/wp\/v2\/types\/post"}],"author":[{"embeddable":true,"href":"https:\/\/corrientesdetarde.com\/index.php\/wp-json\/wp\/v2\/users\/4"}],"replies":[{"embeddable":true,"href":"https:\/\/corrientesdetarde.com\/index.php\/wp-json\/wp\/v2\/comments?post=147481"}],"version-history":[{"count":1,"href":"https:\/\/corrientesdetarde.com\/index.php\/wp-json\/wp\/v2\/posts\/147481\/revisions"}],"predecessor-version":[{"id":147504,"href":"https:\/\/corrientesdetarde.com\/index.php\/wp-json\/wp\/v2\/posts\/147481\/revisions\/147504"}],"wp:featuredmedia":[{"embeddable":true,"href":"https:\/\/corrientesdetarde.com\/index.php\/wp-json\/wp\/v2\/media\/147503"}],"wp:attachment":[{"href":"https:\/\/corrientesdetarde.com\/index.php\/wp-json\/wp\/v2\/media?parent=147481"}],"wp:term":[{"taxonomy":"category","embeddable":true,"href":"https:\/\/corrientesdetarde.com\/index.php\/wp-json\/wp\/v2\/categories?post=147481"},{"taxonomy":"post_tag","embeddable":true,"href":"https:\/\/corrientesdetarde.com\/index.php\/wp-json\/wp\/v2\/tags?post=147481"}],"curies":[{"name":"wp","href":"https:\/\/api.w.org\/{rel}","templated":true}]}}