{"id":147508,"date":"2024-05-14T22:38:37","date_gmt":"2024-05-15T01:38:37","guid":{"rendered":"https:\/\/corrientesdetarde.com\/?p=147508"},"modified":"2024-05-14T22:38:49","modified_gmt":"2024-05-15T01:38:49","slug":"el-pj-se-reunia-para-definir-el-17-de-noviembre-como-fecha-para-las-elecciones-partidarias","status":"publish","type":"post","link":"https:\/\/corrientesdetarde.com\/index.php\/politica\/el-pj-se-reunia-para-definir-el-17-de-noviembre-como-fecha-para-las-elecciones-partidarias\/","title":{"rendered":"El PJ se reun\u00eda para definir el 17 de noviembre como fecha para las elecciones partidarias"},"content":{"rendered":"\n<p>41 congresales, algunos de manera presencial en la sede de Matheu y otros por videollamada se juntaron para definir la integraci\u00f3n de la Mesa de integraci\u00f3n Pol\u00edtica.<\/p>\n\n\n\n<p><strong>El Consejo Nacional del Partido Justicialista (PJ) se reun\u00eda esta noche para intentar definir la fecha de las elecciones del espacio,<\/strong>&nbsp;que ser\u00eda el 17 de noviembre, y la conformaci\u00f3n de la mesa de Acci\u00f3n Pol\u00edtica.<\/p>\n\n\n\n<p>El encuentro se llevaba a cabo<strong>&nbsp;en la sede de la calle Matheu,<\/strong>&nbsp;en momentos de dispersi\u00f3n del espacio y dificultades para encontrar un liderazgo.<\/p>\n\n\n\n<p>De acuerdo a lo que pudo averiguar Noticias Argentinas, asistieron en total 41 congresales, de los cuales 21 se encontraban de forma presencial y los restante veinte se sumaron por videollamada.<\/p>\n\n\n\n<p>Entre los presentes se encontraban los gobernadores\u00a0<strong>Axel Kicillof<\/strong>\u00a0(Buenos Aires),\u00a0<strong>Gildo Insfr\u00e1n<\/strong>\u00a0(Formosa) y\u00a0<strong>Ricardo Quintela\u00a0<\/strong>(La Rioja); los l\u00edderes de la CGT\u00a0<strong>H\u00e9ctor Daer<\/strong>\u00a0y\u00a0<strong>Pablo Moyano<\/strong>; los diputados nacionales\u00a0<strong>Santiago Cafiero\u00a0<\/strong>y\u00a0<strong>Hugo Yasky<\/strong>; el ex jefe de Gabinete<strong>\u00a0Agust\u00edn Ross<\/strong>i; el ex ministro de Defensa<strong>\u00a0Jorge Taiana;<\/strong>\u00a0el intendente de La Matanza,\u00a0<strong>Fernando<\/strong>\u00a0<strong>Espinoza<\/strong>; y el senador nacional\u00a0<strong>Eduardo &#8220;Wado&#8221; De Pedro.<\/strong><\/p>\n\n\n\n<figure class=\"wp-block-image size-full\"><img loading=\"lazy\" decoding=\"async\" width=\"782\" height=\"473\" src=\"https:\/\/corrientesdetarde.com\/wp-content\/uploads\/2024\/05\/image-318.png\" alt=\"\" class=\"wp-image-147509\" srcset=\"https:\/\/corrientesdetarde.com\/wp-content\/uploads\/2024\/05\/image-318.png 782w, https:\/\/corrientesdetarde.com\/wp-content\/uploads\/2024\/05\/image-318-300x181.png 300w, https:\/\/corrientesdetarde.com\/wp-content\/uploads\/2024\/05\/image-318-768x465.png 768w\" sizes=\"auto, (max-width: 782px) 100vw, 782px\" \/><\/figure>\n\n\n\n<p>Tambi\u00e9n participaban los ex gobernadores&nbsp;<strong>Juan Manzur&nbsp;<\/strong>(Tucum\u00e1n),&nbsp;<strong>Jos\u00e9 Luis Gioja&nbsp;<\/strong>(San Juan),&nbsp;<strong>Sergio U\u00f1ac&nbsp;<\/strong>(San Juan) y&nbsp;<strong>Luc\u00eda Corpacci&nbsp;<\/strong>(Catamarca); el ex vicepresidente del Banco Naci\u00f3n&nbsp;<strong>Carlos<\/strong>&nbsp;<strong>Caserio<\/strong>; el titular del Suterh,<strong>&nbsp;V\u00edctor Santa Mar\u00eda<\/strong>; y la jefa de asesores del gobierno de Buenos Aires,&nbsp;<strong>Cristina \u00c1lvarez Rodr\u00edguez<\/strong>, entre otros.<\/p>\n\n\n\n<p>Seg\u00fan supo&nbsp;<em><strong>Noticias Argentinas,<\/strong><\/em>&nbsp;en el temario figuraba primero la confirmaci\u00f3n de la mesa de Acci\u00f3n Pol\u00edtica y luego la definici\u00f3n de la fecha de las elecciones, que&nbsp;<strong>ser\u00eda el 17 de noviembre<\/strong>, en coincidencia con la convocatoria del PJ bonaerense que ayer confirm\u00f3 el jefe de ese espacio,&nbsp;<strong>M\u00e1ximo Kirchner.<\/strong><\/p>\n\n\n\n<p>Tambi\u00e9n iba a redactarse un documento cr\u00edtico a la Ley Bases del Gobierno de<strong>\u00a0Javier Milei\u00a0<\/strong>y un pedido a los senadores para que le pongan un freno en el recinto.\u00a0<\/p>\n\n\n\n<figure class=\"wp-block-image size-full\"><img loading=\"lazy\" decoding=\"async\" width=\"779\" height=\"474\" src=\"https:\/\/corrientesdetarde.com\/wp-content\/uploads\/2024\/05\/image-319.png\" alt=\"\" class=\"wp-image-147510\" srcset=\"https:\/\/corrientesdetarde.com\/wp-content\/uploads\/2024\/05\/image-319.png 779w, https:\/\/corrientesdetarde.com\/wp-content\/uploads\/2024\/05\/image-319-300x183.png 300w, https:\/\/corrientesdetarde.com\/wp-content\/uploads\/2024\/05\/image-319-768x467.png 768w\" sizes=\"auto, (max-width: 779px) 100vw, 779px\" \/><\/figure>\n","protected":false},"excerpt":{"rendered":"<p>41 congresales, algunos de manera presencial en la sede de Matheu y otros por videollamada se juntaron para definir la integraci\u00f3n de la Mesa de integraci\u00f3n Pol\u00edtica. El Consejo Nacional&hellip; <\/p>\n","protected":false},"author":4,"featured_media":147511,"comment_status":"closed","ping_status":"open","sticky":false,"template":"","format":"standard","meta":{"footnotes":""},"categories":[3],"tags":[],"class_list":["post-147508","post","type-post","status-publish","format-standard","has-post-thumbnail","hentry","category-politica"],"_links":{"self":[{"href":"https:\/\/corrientesdetarde.com\/index.php\/wp-json\/wp\/v2\/posts\/147508","targetHints":{"allow":["GET"]}}],"collection":[{"href":"https:\/\/corrientesdetarde.com\/index.php\/wp-json\/wp\/v2\/posts"}],"about":[{"href":"https:\/\/corrientesdetarde.com\/index.php\/wp-json\/wp\/v2\/types\/post"}],"author":[{"embeddable":true,"href":"https:\/\/corrientesdetarde.com\/index.php\/wp-json\/wp\/v2\/users\/4"}],"replies":[{"embeddable":true,"href":"https:\/\/corrientesdetarde.com\/index.php\/wp-json\/wp\/v2\/comments?post=147508"}],"version-history":[{"count":1,"href":"https:\/\/corrientesdetarde.com\/index.php\/wp-json\/wp\/v2\/posts\/147508\/revisions"}],"predecessor-version":[{"id":147512,"href":"https:\/\/corrientesdetarde.com\/index.php\/wp-json\/wp\/v2\/posts\/147508\/revisions\/147512"}],"wp:featuredmedia":[{"embeddable":true,"href":"https:\/\/corrientesdetarde.com\/index.php\/wp-json\/wp\/v2\/media\/147511"}],"wp:attachment":[{"href":"https:\/\/corrientesdetarde.com\/index.php\/wp-json\/wp\/v2\/media?parent=147508"}],"wp:term":[{"taxonomy":"category","embeddable":true,"href":"https:\/\/corrientesdetarde.com\/index.php\/wp-json\/wp\/v2\/categories?post=147508"},{"taxonomy":"post_tag","embeddable":true,"href":"https:\/\/corrientesdetarde.com\/index.php\/wp-json\/wp\/v2\/tags?post=147508"}],"curies":[{"name":"wp","href":"https:\/\/api.w.org\/{rel}","templated":true}]}}