{"id":147513,"date":"2024-05-14T22:40:18","date_gmt":"2024-05-15T01:40:18","guid":{"rendered":"https:\/\/corrientesdetarde.com\/?p=147513"},"modified":"2024-05-14T22:40:22","modified_gmt":"2024-05-15T01:40:22","slug":"el-gobierno-anticipo-en-diputados-que-habra-aumentos-para-las-universidades-pero-evito-dar-detalles","status":"publish","type":"post","link":"https:\/\/corrientesdetarde.com\/index.php\/politica\/el-gobierno-anticipo-en-diputados-que-habra-aumentos-para-las-universidades-pero-evito-dar-detalles\/","title":{"rendered":"El Gobierno anticip\u00f3 en Diputados que habr\u00e1 aumentos para las universidades, pero evit\u00f3 dar detalles"},"content":{"rendered":"\n<p>Bloques opositores buscan avanzar con un dictamen para obligar al Gobierno a que ampl\u00ede el presupuesto del sector.<\/p>\n\n\n\n<p>El secretario de Educaci\u00f3n, Carlos Torrendell, expuso hoy ante la comisi\u00f3n de Educaci\u00f3n de la C\u00e1mara de Diputados y desliz\u00f3 que habr\u00e1 aumentos para las universidades p\u00fablicas, pero evit\u00f3 dar mayores detalles como cu\u00e1les ser\u00e1n los nuevos montos y los plazos en que se girar\u00e1n.<\/p>\n\n\n\n<p>Torrendell s\u00f3lo ratific\u00f3 que este mes se aplicar\u00e1 una nueva suba del 70% sobre los gastos de funcionamiento, la segunda en tres meses, luego de la masiva marcha universitaria del mes pasado contra el desfinanciamiento del sector.&nbsp;<\/p>\n\n\n\n<p>El funcionario plante\u00f3 que su cartera no est\u00e1 en condiciones de trazar un horizonte de previsibilidad presupuestaria para lo que queda del a\u00f1o \u2013como exigen las universidades- y que el Gobierno solo otorgar\u00e1 aumentos a cuentagotas.<\/p>\n\n\n\n<p>&#8220;Se\u00f1ores diputados, dependemos que ustedes sancionen una ley que nos d\u00e9 previsi\u00f3n presupuestaria de aqu\u00ed a fin de a\u00f1o. Estamos en una situaci\u00f3n de emergencia&#8221;, sostuvieron los rectores presentes en la comisi\u00f3n, luego de que Torrendell se retirara.&nbsp;<\/p>\n\n\n\n<p>Previamente, el funcionaria hab\u00eda dicho que se est\u00e1 &#8220;progresivamente aumentando el presupuesto, no de la forma deseada, pero s\u00ed de la forma posible y responsable&#8221;.<\/p>\n\n\n\n<p>Varios bloques opositores ven posible avanzar en breve en un dictamen que establezca una ampliaci\u00f3n presupuestaria para lo que resta del a\u00f1o, si el Poder Ejecutivo no garantiza dar mayores garant\u00edas.<\/p>\n\n\n\n<p>Los rectores universitarios recordaron que en los primeros cinco meses las universidades ya agotaron sus respectivos presupuestos anuales para cubrir los gastos corrientes.&nbsp;<\/p>\n\n\n\n<p>&#8220;Esta situaci\u00f3n no da para m\u00e1s. Tenemos que dictaminar de inmediato&#8221;, plante\u00f3 Germ\u00e1n Mart\u00ednez, jefe del bloque de Uni\u00f3n por la Patria, buscando apurar lo que podr\u00eda suceder la semana pr\u00f3xima.&nbsp;<\/p>\n\n\n\n<p>&#8220;Entiendo la urgencia, pero cuando hablamos de previsibilidad debemos ser honestos a la hora de reclamarla ya que en a\u00f1os anteriores nadie hizo ese planteo. La autonom\u00eda universitaria no debe ser un coto sagrado sobre el cual no se rinden cuentas. Es leg\u00edtimo que se estudie el financiamiento, pero tambi\u00e9n es leg\u00edtimo el reclamo de la ciudadan\u00eda sobre c\u00f3mo se gastan esos gastos p\u00fablicos, lo cruzo el diputado libertario Nicol\u00e1s Mayoraz.<\/p>\n","protected":false},"excerpt":{"rendered":"<p>Bloques opositores buscan avanzar con un dictamen para obligar al Gobierno a que ampl\u00ede el presupuesto del sector. El secretario de Educaci\u00f3n, Carlos Torrendell, expuso hoy ante la comisi\u00f3n de&hellip; <\/p>\n","protected":false},"author":4,"featured_media":147514,"comment_status":"closed","ping_status":"open","sticky":false,"template":"","format":"standard","meta":{"footnotes":""},"categories":[3],"tags":[],"class_list":["post-147513","post","type-post","status-publish","format-standard","has-post-thumbnail","hentry","category-politica"],"_links":{"self":[{"href":"https:\/\/corrientesdetarde.com\/index.php\/wp-json\/wp\/v2\/posts\/147513","targetHints":{"allow":["GET"]}}],"collection":[{"href":"https:\/\/corrientesdetarde.com\/index.php\/wp-json\/wp\/v2\/posts"}],"about":[{"href":"https:\/\/corrientesdetarde.com\/index.php\/wp-json\/wp\/v2\/types\/post"}],"author":[{"embeddable":true,"href":"https:\/\/corrientesdetarde.com\/index.php\/wp-json\/wp\/v2\/users\/4"}],"replies":[{"embeddable":true,"href":"https:\/\/corrientesdetarde.com\/index.php\/wp-json\/wp\/v2\/comments?post=147513"}],"version-history":[{"count":1,"href":"https:\/\/corrientesdetarde.com\/index.php\/wp-json\/wp\/v2\/posts\/147513\/revisions"}],"predecessor-version":[{"id":147515,"href":"https:\/\/corrientesdetarde.com\/index.php\/wp-json\/wp\/v2\/posts\/147513\/revisions\/147515"}],"wp:featuredmedia":[{"embeddable":true,"href":"https:\/\/corrientesdetarde.com\/index.php\/wp-json\/wp\/v2\/media\/147514"}],"wp:attachment":[{"href":"https:\/\/corrientesdetarde.com\/index.php\/wp-json\/wp\/v2\/media?parent=147513"}],"wp:term":[{"taxonomy":"category","embeddable":true,"href":"https:\/\/corrientesdetarde.com\/index.php\/wp-json\/wp\/v2\/categories?post=147513"},{"taxonomy":"post_tag","embeddable":true,"href":"https:\/\/corrientesdetarde.com\/index.php\/wp-json\/wp\/v2\/tags?post=147513"}],"curies":[{"name":"wp","href":"https:\/\/api.w.org\/{rel}","templated":true}]}}