{"id":147528,"date":"2024-05-15T00:24:04","date_gmt":"2024-05-15T03:24:04","guid":{"rendered":"https:\/\/corrientesdetarde.com\/?p=147528"},"modified":"2024-05-15T00:24:07","modified_gmt":"2024-05-15T03:24:07","slug":"dolor-en-el-futbol-murio-fabian-cancelarich-ex-arquero-de-la-seleccion-argentina","status":"publish","type":"post","link":"https:\/\/corrientesdetarde.com\/index.php\/deportes\/dolor-en-el-futbol-murio-fabian-cancelarich-ex-arquero-de-la-seleccion-argentina\/","title":{"rendered":"Dolor en el f\u00fatbol: muri\u00f3 Fabi\u00e1n Cancelarich, ex arquero de la Selecci\u00f3n argentina"},"content":{"rendered":"\n<p>Fue uno de los integrantes del equipo nacional en el Mundial de Italia 1990 y sufri\u00f3 un infarto trabajando con el primer equipo de Ferro Carril Oeste.<\/p>\n\n\n\n<p><strong>El ex arquero de la Selecci\u00f3n argentina Fabi\u00e1n Cancelarich muri\u00f3 este martes<\/strong>, a los 58 a\u00f1os, luego de sufrir un<strong>&nbsp;infarto mientras trabajaba como entrenador de arqueros del primer equipo de Ferro Carril Oeste<\/strong>.<\/p>\n\n\n\n<p>El santafesino formaba parte del&nbsp;<strong>cuerpo t\u00e9cnico de Jorge Cordon en Ferro<\/strong>, club en el cual<strong>&nbsp;debut\u00f3 como jugador<\/strong>&nbsp;y tuvo un paso destacado&nbsp;<strong>entre 1983 y 1992,&nbsp;<\/strong>que lo llev\u00f3<strong>&nbsp;<\/strong>a ser&nbsp;<strong>parte de la delegaci\u00f3n argentina subcampeona en el Mundial de Italia 1990&nbsp;<\/strong>y de la que&nbsp;<strong>conquist\u00f3 la Copa Am\u00e9rica de Chile 1991.<\/strong><\/p>\n\n\n\n<p>Seg\u00fan se pudo saber,&nbsp;<strong>el ex arquero de 58 a\u00f1os sufri\u00f3 un paro cardiorrespiratorio en pleno trabajo<\/strong>&nbsp;con el plantel y<strong>&nbsp;personal del SAME lo traslad\u00f3 al hospital Durand&nbsp;<\/strong>donde&nbsp;<strong>le hicieron RCP durante casi una hora,&nbsp;<\/strong>pero&nbsp;<strong>no lograron reanimarlo.<\/strong><\/p>\n\n\n\n<p>Ferro se preparaba para lo que ser\u00e1 el encuentro ante<strong>\u00a0Nueva Chicago<\/strong>, en el estadio Rep\u00fablica de Mataderos, por el I<strong>nterzonal de la fecha 16 de la Primera Nacional,<\/strong>\u00a0en la que el equipo de Caballito se encuentra<strong>\u00a0octavo en la Zona A con 20 puntos, dentro de los puestos del Reducido por el segundo ascenso a la Liga Profesional.<\/strong><\/p>\n\n\n\n<figure class=\"wp-block-image size-full\"><img loading=\"lazy\" decoding=\"async\" width=\"779\" height=\"469\" src=\"https:\/\/corrientesdetarde.com\/wp-content\/uploads\/2024\/05\/image-320.png\" alt=\"\" class=\"wp-image-147529\" srcset=\"https:\/\/corrientesdetarde.com\/wp-content\/uploads\/2024\/05\/image-320.png 779w, https:\/\/corrientesdetarde.com\/wp-content\/uploads\/2024\/05\/image-320-300x181.png 300w, https:\/\/corrientesdetarde.com\/wp-content\/uploads\/2024\/05\/image-320-768x462.png 768w\" sizes=\"auto, (max-width: 779px) 100vw, 779px\" \/><\/figure>\n\n\n\n<p>Oriundo de la ciudad santafesina de Los Nogales, Cancelarich form\u00f3 parte de las p\u00e1ginas doradas del club de Caballito, en el que<strong>&nbsp;conquist\u00f3 el Campeonato Nacional 1984 y sali\u00f3 subcampe\u00f3n en 1983<\/strong>. Para la<strong>&nbsp;temporada 1999\/00,<\/strong>&nbsp;el ex arquero tuvo un&nbsp;<strong>segundo paso por Ferro Carril Oeste,&nbsp;<\/strong>pero los \u00e9xitos no se repitieron y, al finalizar el Torneo Clausura 2000,&nbsp;<strong>el \u201cVerde\u201d descendi\u00f3 a la segunda categor\u00eda del f\u00fatbol argentino.<\/strong><\/p>\n\n\n\n<p><strong>Adem\u00e1s de su historia en la entidad de Caballito<\/strong>, el santafesino tuvo pasos por&nbsp;<strong>Belgrano de C\u00f3rdoba, Newell&#8217;s Old Boys de Rosario, Hurac\u00e1n, Platense y Millonarios de Colombia.<\/strong><\/p>\n\n\n\n<p><strong>Su retiro\u00a0<\/strong>de la actividad deportiva\u00a0<strong>se dio en 2004 en el Club Central C\u00f3rdoba de Rosario,\u00a0<\/strong>que para aquel entonces<strong>\u00a0militaba en la Primera B Metropolitana.<\/strong><\/p>\n\n\n\n<figure class=\"wp-block-image size-full\"><img loading=\"lazy\" decoding=\"async\" width=\"779\" height=\"413\" src=\"https:\/\/corrientesdetarde.com\/wp-content\/uploads\/2024\/05\/image-321.png\" alt=\"\" class=\"wp-image-147530\" srcset=\"https:\/\/corrientesdetarde.com\/wp-content\/uploads\/2024\/05\/image-321.png 779w, https:\/\/corrientesdetarde.com\/wp-content\/uploads\/2024\/05\/image-321-300x159.png 300w, https:\/\/corrientesdetarde.com\/wp-content\/uploads\/2024\/05\/image-321-768x407.png 768w\" sizes=\"auto, (max-width: 779px) 100vw, 779px\" \/><\/figure>\n","protected":false},"excerpt":{"rendered":"<p>Fue uno de los integrantes del equipo nacional en el Mundial de Italia 1990 y sufri\u00f3 un infarto trabajando con el primer equipo de Ferro Carril Oeste. El ex arquero&hellip; <\/p>\n","protected":false},"author":4,"featured_media":147531,"comment_status":"closed","ping_status":"open","sticky":false,"template":"","format":"standard","meta":{"footnotes":""},"categories":[4],"tags":[],"class_list":["post-147528","post","type-post","status-publish","format-standard","has-post-thumbnail","hentry","category-deportes"],"_links":{"self":[{"href":"https:\/\/corrientesdetarde.com\/index.php\/wp-json\/wp\/v2\/posts\/147528","targetHints":{"allow":["GET"]}}],"collection":[{"href":"https:\/\/corrientesdetarde.com\/index.php\/wp-json\/wp\/v2\/posts"}],"about":[{"href":"https:\/\/corrientesdetarde.com\/index.php\/wp-json\/wp\/v2\/types\/post"}],"author":[{"embeddable":true,"href":"https:\/\/corrientesdetarde.com\/index.php\/wp-json\/wp\/v2\/users\/4"}],"replies":[{"embeddable":true,"href":"https:\/\/corrientesdetarde.com\/index.php\/wp-json\/wp\/v2\/comments?post=147528"}],"version-history":[{"count":1,"href":"https:\/\/corrientesdetarde.com\/index.php\/wp-json\/wp\/v2\/posts\/147528\/revisions"}],"predecessor-version":[{"id":147532,"href":"https:\/\/corrientesdetarde.com\/index.php\/wp-json\/wp\/v2\/posts\/147528\/revisions\/147532"}],"wp:featuredmedia":[{"embeddable":true,"href":"https:\/\/corrientesdetarde.com\/index.php\/wp-json\/wp\/v2\/media\/147531"}],"wp:attachment":[{"href":"https:\/\/corrientesdetarde.com\/index.php\/wp-json\/wp\/v2\/media?parent=147528"}],"wp:term":[{"taxonomy":"category","embeddable":true,"href":"https:\/\/corrientesdetarde.com\/index.php\/wp-json\/wp\/v2\/categories?post=147528"},{"taxonomy":"post_tag","embeddable":true,"href":"https:\/\/corrientesdetarde.com\/index.php\/wp-json\/wp\/v2\/tags?post=147528"}],"curies":[{"name":"wp","href":"https:\/\/api.w.org\/{rel}","templated":true}]}}