{"id":147538,"date":"2024-05-15T00:47:09","date_gmt":"2024-05-15T03:47:09","guid":{"rendered":"https:\/\/corrientesdetarde.com\/?p=147538"},"modified":"2024-05-15T00:47:12","modified_gmt":"2024-05-15T03:47:12","slug":"desde-este-miercoles-15-se-habilitan-las-tarjetas-sapucay","status":"publish","type":"post","link":"https:\/\/corrientesdetarde.com\/index.php\/informacion-general\/desde-este-miercoles-15-se-habilitan-las-tarjetas-sapucay\/","title":{"rendered":"Desde este mi\u00e9rcoles 15 se habilitan las Tarjetas Sapucay"},"content":{"rendered":"\n<p>El Ministerio de Desarrollo Social del Gobierno de Corrientes, comunica que a partir de este mi\u00e9rcoles 15 de mayo&nbsp; del 2024 se habilitar\u00e1n las Tarjetas Sapucay. Las mismas estar\u00e1n activas hasta el 30 de mayo del 2024<\/p>\n\n\n\n<p>El Programa Sapucay del Ministerio de Desarrollo Social de la Provincia de Corrientes informa que las Tarjetas estar\u00e1n habilitadas para realizar las compras&nbsp; correspondientes en los comercios adheridos con los montos de &nbsp;$ 6000 para los que tienen otros beneficios y de &nbsp;$ 12000 para los que no tienen otros beneficios&nbsp; .<\/p>\n","protected":false},"excerpt":{"rendered":"<p>El Ministerio de Desarrollo Social del Gobierno de Corrientes, comunica que a partir de este mi\u00e9rcoles 15 de mayo&nbsp; del 2024 se habilitar\u00e1n las Tarjetas Sapucay. Las mismas estar\u00e1n activas&hellip; <\/p>\n","protected":false},"author":4,"featured_media":147539,"comment_status":"closed","ping_status":"open","sticky":false,"template":"","format":"standard","meta":{"footnotes":""},"categories":[1],"tags":[],"class_list":["post-147538","post","type-post","status-publish","format-standard","has-post-thumbnail","hentry","category-informacion-general"],"_links":{"self":[{"href":"https:\/\/corrientesdetarde.com\/index.php\/wp-json\/wp\/v2\/posts\/147538","targetHints":{"allow":["GET"]}}],"collection":[{"href":"https:\/\/corrientesdetarde.com\/index.php\/wp-json\/wp\/v2\/posts"}],"about":[{"href":"https:\/\/corrientesdetarde.com\/index.php\/wp-json\/wp\/v2\/types\/post"}],"author":[{"embeddable":true,"href":"https:\/\/corrientesdetarde.com\/index.php\/wp-json\/wp\/v2\/users\/4"}],"replies":[{"embeddable":true,"href":"https:\/\/corrientesdetarde.com\/index.php\/wp-json\/wp\/v2\/comments?post=147538"}],"version-history":[{"count":1,"href":"https:\/\/corrientesdetarde.com\/index.php\/wp-json\/wp\/v2\/posts\/147538\/revisions"}],"predecessor-version":[{"id":147540,"href":"https:\/\/corrientesdetarde.com\/index.php\/wp-json\/wp\/v2\/posts\/147538\/revisions\/147540"}],"wp:featuredmedia":[{"embeddable":true,"href":"https:\/\/corrientesdetarde.com\/index.php\/wp-json\/wp\/v2\/media\/147539"}],"wp:attachment":[{"href":"https:\/\/corrientesdetarde.com\/index.php\/wp-json\/wp\/v2\/media?parent=147538"}],"wp:term":[{"taxonomy":"category","embeddable":true,"href":"https:\/\/corrientesdetarde.com\/index.php\/wp-json\/wp\/v2\/categories?post=147538"},{"taxonomy":"post_tag","embeddable":true,"href":"https:\/\/corrientesdetarde.com\/index.php\/wp-json\/wp\/v2\/tags?post=147538"}],"curies":[{"name":"wp","href":"https:\/\/api.w.org\/{rel}","templated":true}]}}